{"id":452,"count":1,"description":"","link":"https:\/\/blogomorangodonordeste.com.br\/index.php\/tag\/obras-de-integracao-regional-governador-brandao-autoriza-pavimentacao-entre-sao-joao-batista-e-anajatuba\/","name":"Obras de integra\u00e7\u00e3o regional: Governador Brand\u00e3o autoriza pavimenta\u00e7\u00e3o entre S\u00e3o Jo\u00e3o Batista e Anajatuba","slug":"obras-de-integracao-regional-governador-brandao-autoriza-pavimentacao-entre-sao-joao-batista-e-anajatuba","taxonomy":"post_tag","meta":[],"_links":{"self":[{"href":"https:\/\/blogomorangodonordeste.com.br\/index.php\/wp-json\/wp\/v2\/tags\/452","targetHints":{"allow":["GET"]}}],"collection":[{"href":"https:\/\/blogomorangodonordeste.com.br\/index.php\/wp-json\/wp\/v2\/tags"}],"about":[{"href":"https:\/\/blogomorangodonordeste.com.br\/index.php\/wp-json\/wp\/v2\/taxonomies\/post_tag"}],"wp:post_type":[{"href":"https:\/\/blogomorangodonordeste.com.br\/index.php\/wp-json\/wp\/v2\/posts?tags=452"}],"curies":[{"name":"wp","href":"https:\/\/api.w.org\/{rel}","templated":true}]}}