{"id":422,"count":1,"description":"","link":"https:\/\/blogomorangodonordeste.com.br\/index.php\/tag\/grande-festa-marca-celebracao-dos-168-anos-de-sao-vicente-ferrer\/","name":"Grande festa marca celebra\u00e7\u00e3o dos 168 anos de S\u00e3o Vicente F\u00e9rrer","slug":"grande-festa-marca-celebracao-dos-168-anos-de-sao-vicente-ferrer","taxonomy":"post_tag","meta":[],"_links":{"self":[{"href":"https:\/\/blogomorangodonordeste.com.br\/index.php\/wp-json\/wp\/v2\/tags\/422","targetHints":{"allow":["GET"]}}],"collection":[{"href":"https:\/\/blogomorangodonordeste.com.br\/index.php\/wp-json\/wp\/v2\/tags"}],"about":[{"href":"https:\/\/blogomorangodonordeste.com.br\/index.php\/wp-json\/wp\/v2\/taxonomies\/post_tag"}],"wp:post_type":[{"href":"https:\/\/blogomorangodonordeste.com.br\/index.php\/wp-json\/wp\/v2\/posts?tags=422"}],"curies":[{"name":"wp","href":"https:\/\/api.w.org\/{rel}","templated":true}]}}