{"id":389,"count":1,"description":"","link":"https:\/\/blogomorangodonordeste.com.br\/index.php\/tag\/crise-em-sao-joao-batista-descaso-com-a-populacao-e-ostentacao-da-primeira-dama\/","name":"Crise em S\u00e3o Jo\u00e3o Batista: Descaso com a Popula\u00e7\u00e3o e Ostenta\u00e7\u00e3o da Primeira Dama","slug":"crise-em-sao-joao-batista-descaso-com-a-populacao-e-ostentacao-da-primeira-dama","taxonomy":"post_tag","meta":[],"_links":{"self":[{"href":"https:\/\/blogomorangodonordeste.com.br\/index.php\/wp-json\/wp\/v2\/tags\/389","targetHints":{"allow":["GET"]}}],"collection":[{"href":"https:\/\/blogomorangodonordeste.com.br\/index.php\/wp-json\/wp\/v2\/tags"}],"about":[{"href":"https:\/\/blogomorangodonordeste.com.br\/index.php\/wp-json\/wp\/v2\/taxonomies\/post_tag"}],"wp:post_type":[{"href":"https:\/\/blogomorangodonordeste.com.br\/index.php\/wp-json\/wp\/v2\/posts?tags=389"}],"curies":[{"name":"wp","href":"https:\/\/api.w.org\/{rel}","templated":true}]}}