{"id":727,"date":"2020-06-18T15:25:39","date_gmt":"2020-06-18T18:25:39","guid":{"rendered":"https:\/\/blogomorangodonordeste.com.br\/?p=10"},"modified":"2020-06-18T15:25:39","modified_gmt":"2020-06-18T18:25:39","slug":"apos-ser-preso-queiroz-teme-pela-vida-diz-advogado","status":"publish","type":"post","link":"https:\/\/blogomorangodonordeste.com.br\/index.php\/2020\/06\/18\/apos-ser-preso-queiroz-teme-pela-vida-diz-advogado\/","title":{"rendered":"Ap\u00f3s ser preso, Queiroz teme pela vida, diz advogado"},"content":{"rendered":"<p><img loading=\"lazy\" decoding=\"async\" class=\"alignnone size-full wp-image-11\" src=\"https:\/\/blogomorangodonordeste.com.br\/wp-content\/uploads\/2020\/06\/2aq5fs.png\" alt=\"\" width=\"815\" height=\"385\" \/><\/p>\n<p style=\"text-align: justify;\"><span style=\"font-size: 14pt; color: #000000;\">Advogado do ex-assessor de Fl\u00e1vio Bolsonaro disse que Fabr\u00edcio Queiroz \u201cteme pela pr\u00f3pria vida\u201d, afirmou a colunista da Folha de S. Paulo, M\u00f4nica Bergamo, em publica\u00e7\u00e3o no Twitter.<\/span><\/p>\n<p style=\"text-align: justify;\"><span style=\"font-size: 14pt; color: #000000;\">Queiroz foi preso na manh\u00e3 desta quinta-feira (18) em Atibaia, no interior de S\u00e3o Paulo. Ele estava no im\u00f3vel de Frederick Wassef, advogado de Fl\u00e1vio Bolsonaro. Policial Militar aposentado, Queiroz movimentou R$ 1,2 milh\u00e3o em sua conta de maneira considerada &#8220;at\u00edpica&#8221;, segundo relat\u00f3rio do antigo Conselho de Atividades Financeiras (Coaf).\u00a0<\/span><\/p>\n<p style=\"text-align: justify;\"><span style=\"font-size: 14pt; color: #000000;\">O Minist\u00e9rio P\u00fablico do Rio de Janeiro pediu a pris\u00e3o de Queiroz porque considerou que o ex-assessor de Fl\u00e1vio Bolsonaro continuava cometendo crimes e estava fugindo e interferindo na coleta de provas. A Justi\u00e7a autorizou tamb\u00e9m a pris\u00e3o da mulher de Queiroz, M\u00e1rcia Oliveira de Aguiar.\u00a0<\/span><\/p>\n","protected":false},"excerpt":{"rendered":"<p>Advogado do ex-assessor de Fl\u00e1vio Bolsonaro disse que Fabr\u00edcio Queiroz \u201cteme pela pr\u00f3pria vida\u201d, afirmou a colunista da Folha de S. Paulo, M\u00f4nica Bergamo, em publica\u00e7\u00e3o no Twitter. Queiroz foi preso na manh\u00e3 desta quinta-feira (18) em Atibaia, no interior de S\u00e3o Paulo. Ele estava no im\u00f3vel de Frederick Wassef, advogado de Fl\u00e1vio Bolsonaro. Policial [&hellip;]<\/p>\n","protected":false},"author":1,"featured_media":0,"comment_status":"open","ping_status":"open","sticky":false,"template":"","format":"standard","meta":{"footnotes":""},"categories":[5],"tags":[],"yst_prominent_words":[],"class_list":["post-727","post","type-post","status-publish","format-standard","hentry","category-politica"],"_links":{"self":[{"href":"https:\/\/blogomorangodonordeste.com.br\/index.php\/wp-json\/wp\/v2\/posts\/727","targetHints":{"allow":["GET"]}}],"collection":[{"href":"https:\/\/blogomorangodonordeste.com.br\/index.php\/wp-json\/wp\/v2\/posts"}],"about":[{"href":"https:\/\/blogomorangodonordeste.com.br\/index.php\/wp-json\/wp\/v2\/types\/post"}],"author":[{"embeddable":true,"href":"https:\/\/blogomorangodonordeste.com.br\/index.php\/wp-json\/wp\/v2\/users\/1"}],"replies":[{"embeddable":true,"href":"https:\/\/blogomorangodonordeste.com.br\/index.php\/wp-json\/wp\/v2\/comments?post=727"}],"version-history":[{"count":0,"href":"https:\/\/blogomorangodonordeste.com.br\/index.php\/wp-json\/wp\/v2\/posts\/727\/revisions"}],"wp:attachment":[{"href":"https:\/\/blogomorangodonordeste.com.br\/index.php\/wp-json\/wp\/v2\/media?parent=727"}],"wp:term":[{"taxonomy":"category","embeddable":true,"href":"https:\/\/blogomorangodonordeste.com.br\/index.php\/wp-json\/wp\/v2\/categories?post=727"},{"taxonomy":"post_tag","embeddable":true,"href":"https:\/\/blogomorangodonordeste.com.br\/index.php\/wp-json\/wp\/v2\/tags?post=727"},{"taxonomy":"yst_prominent_words","embeddable":true,"href":"https:\/\/blogomorangodonordeste.com.br\/index.php\/wp-json\/wp\/v2\/yst_prominent_words?post=727"}],"curies":[{"name":"wp","href":"https:\/\/api.w.org\/{rel}","templated":true}]}}