{"id":5570,"date":"2026-09-05T11:22:36","date_gmt":"2026-09-05T14:22:36","guid":{"rendered":"https:\/\/blogomorangodonordeste.com.br\/?p=5570"},"modified":"2026-09-05T11:22:36","modified_gmt":"2026-09-05T14:22:36","slug":"com-18-mil-pessoas-nas-ruas-caxias-abraca-orleans-brandao-e-demonstra-forca-de-sua-candidatura","status":"publish","type":"post","link":"https:\/\/blogomorangodonordeste.com.br\/index.php\/2026\/09\/05\/com-18-mil-pessoas-nas-ruas-caxias-abraca-orleans-brandao-e-demonstra-forca-de-sua-candidatura\/","title":{"rendered":"Com 18 mil pessoas nas ruas, Caxias abra\u00e7a Orleans Brand\u00e3o e demonstra for\u00e7a de sua candidatura"},"content":{"rendered":"<p><img loading=\"lazy\" decoding=\"async\" class=\"alignnone size-full wp-image-5571\" src=\"https:\/\/blogomorangodonordeste.com.br\/wp-content\/uploads\/2026\/09\/IMG-20260905-WA0020-1.jpg\" alt=\"\" width=\"1280\" height=\"854\" srcset=\"https:\/\/blogomorangodonordeste.com.br\/wp-content\/uploads\/2026\/09\/IMG-20260905-WA0020-1.jpg 1280w, https:\/\/blogomorangodonordeste.com.br\/wp-content\/uploads\/2026\/09\/IMG-20260905-WA0020-1-300x200.jpg 300w, https:\/\/blogomorangodonordeste.com.br\/wp-content\/uploads\/2026\/09\/IMG-20260905-WA0020-1-1024x683.jpg 1024w, https:\/\/blogomorangodonordeste.com.br\/wp-content\/uploads\/2026\/09\/IMG-20260905-WA0020-1-768x512.jpg 768w, https:\/\/blogomorangodonordeste.com.br\/wp-content\/uploads\/2026\/09\/IMG-20260905-WA0020-1-150x100.jpg 150w\" sizes=\"auto, (max-width: 1280px) 100vw, 1280px\" \/> <img loading=\"lazy\" decoding=\"async\" class=\"alignnone size-full wp-image-5572\" src=\"https:\/\/blogomorangodonordeste.com.br\/wp-content\/uploads\/2026\/09\/IMG-20260905-WA0022.jpg\" alt=\"\" width=\"854\" height=\"1280\" srcset=\"https:\/\/blogomorangodonordeste.com.br\/wp-content\/uploads\/2026\/09\/IMG-20260905-WA0022.jpg 854w, https:\/\/blogomorangodonordeste.com.br\/wp-content\/uploads\/2026\/09\/IMG-20260905-WA0022-200x300.jpg 200w, https:\/\/blogomorangodonordeste.com.br\/wp-content\/uploads\/2026\/09\/IMG-20260905-WA0022-683x1024.jpg 683w, https:\/\/blogomorangodonordeste.com.br\/wp-content\/uploads\/2026\/09\/IMG-20260905-WA0022-768x1151.jpg 768w\" sizes=\"auto, (max-width: 854px) 100vw, 854px\" \/><\/p>\n<p>&nbsp;<\/p>\n<p>Uma multid\u00e3o de 18 mil pessoas acompanhou o candidato ao Governo do Maranh\u00e3o, Orleans Brand\u00e3o, durante uma grande caminhada realizada na noite desta sexta-feira (4), em Caxias. Ao longo de 2,5 quil\u00f4metros, o emedebista percorreu o trajeto entre a Igreja Nossa Senhora de F\u00e1tima, a Avenida Edson Lob\u00e3o, a Avenida Volta Redonda e as ruas da Coheb e Colinas. Ele esteve acompanhado do prefeito Gentil Neto, do ex-prefeito F\u00e1bio Gentil, da deputada federal Amanda Gentil, da deputada estadual Daniella Gentil, al\u00e9m de lideran\u00e7as pol\u00edticas e apoiadores.<\/p>\n<p>&nbsp;<\/p>\n<p>Durante o percurso, Orleans relembrou uma caminhada semelhante realizada quatro anos atr\u00e1s pelo governador Carlos Brand\u00e3o e destacou a emo\u00e7\u00e3o de retornar ao munic\u00edpio. \u201cEu n\u00e3o imaginava que, quatro anos depois, estaria nessa mesma situa\u00e7\u00e3o. Estou muito feliz com a recep\u00e7\u00e3o e com o calor humano do povo de Caxias\u201d, afirmou.<\/p>\n<p>&nbsp;<\/p>\n<p>Orleans ressaltou que pretende construir seu pr\u00f3prio legado \u00e0 frente do Governo do Estado e ampliar a parceria com o munic\u00edpio. \u201cEu tamb\u00e9m quero construir o meu legado e colocar o meu nome na hist\u00f3ria do Maranh\u00e3o e de Caxias\u201d, declarou.<\/p>\n<p>&nbsp;<\/p>\n<p>O prefeito Gentil Neto lembrou que esteve em S\u00e3o Lu\u00eds com Daniella Gentil, quando Orleans ainda comandava a Secretaria de Estado de Assuntos Municipalistas, para solicitar obras de pavimenta\u00e7\u00e3o para a cidade. \u201cEu pedi dez quil\u00f4metros, mas Orleans olhou para mim e disse que dez era pouco para Caxias e que mandaria 15 quil\u00f4metros\u201d, recordou.<\/p>\n<p>&nbsp;<\/p>\n<p>Para Gentil Neto, a elei\u00e7\u00e3o de Orleans permitir\u00e1 a continuidade e a amplia\u00e7\u00e3o das a\u00e7\u00f5es realizadas no munic\u00edpio em parceria com o Governo do Estado. \u201cQuero dizer a voc\u00eas que o trabalho vai continuar\u201d, declarou o prefeito.<\/p>\n<p>&nbsp;<\/p>\n<p>O ex-prefeito F\u00e1bio Gentil tamb\u00e9m destacou a dimens\u00e3o da mobiliza\u00e7\u00e3o e afirmou que a candidatura representa o in\u00edcio de uma nova etapa para a cidade. \u201cA partir de agora, podem ter certeza de que Caxias come\u00e7a a escrever um novo cap\u00edtulo. E esse cap\u00edtulo se chama Orleans Brand\u00e3o\u201d, declarou.<\/p>\n<p>&nbsp;<\/p>\n<p>Durante o ato, Orleans assumiu novos compromissos para fortalecer a sa\u00fade no munic\u00edpio. Entre as propostas anunciadas est\u00e3o a implanta\u00e7\u00e3o de um Hospital Universit\u00e1rio, a amplia\u00e7\u00e3o da Maternidade Carmosina Coutinho e a cria\u00e7\u00e3o de uma UTI pedi\u00e1trica.<\/p>\n<p>&nbsp;<\/p>\n<p>\u201cSe Brand\u00e3o trouxe o HTO e est\u00e1 ajudando a Maternidade Carmosina Coutinho, eu assumo o compromisso de trazer um Hospital Universit\u00e1rio para Caxias, ampliar a maternidade e implantar uma UTI pedi\u00e1trica no munic\u00edpio. Em todas as \u00e1reas, voc\u00eas podem contar comigo. Podem ter certeza de que n\u00e3o irei decepcion\u00e1-los\u201d, afirmou Orleans.<\/p>\n<p>&nbsp;<\/p>\n<p>Ao encerrar a caminhada, o candidato convocou os apoiadores a ampliarem a mobiliza\u00e7\u00e3o em toda a cidade. \u201cQuero que a gente continue de casa em casa e que voc\u00eas sejam multiplicadores. N\u00e3o tenho d\u00favida de que o grito de Caxias vai ecoar mais uma vez e mostrar que o pr\u00f3ximo governador do Maranh\u00e3o \u00e9 o 15\u201d, concluiu.<\/p>\n","protected":false},"excerpt":{"rendered":"<p>&nbsp; Uma multid\u00e3o de 18 mil pessoas acompanhou o candidato ao Governo do Maranh\u00e3o, Orleans Brand\u00e3o, durante uma grande caminhada realizada na noite desta sexta-feira (4), em Caxias. Ao longo de 2,5 quil\u00f4metros, o emedebista percorreu o trajeto entre a Igreja Nossa Senhora de F\u00e1tima, a Avenida Edson Lob\u00e3o, a Avenida Volta Redonda e as [&hellip;]<\/p>\n","protected":false},"author":1,"featured_media":0,"comment_status":"open","ping_status":"open","sticky":false,"template":"","format":"standard","meta":{"footnotes":""},"categories":[1],"tags":[],"yst_prominent_words":[],"class_list":["post-5570","post","type-post","status-publish","format-standard","hentry","category-noticia-geral"],"jetpack_featured_media_url":"","_links":{"self":[{"href":"https:\/\/blogomorangodonordeste.com.br\/index.php\/wp-json\/wp\/v2\/posts\/5570","targetHints":{"allow":["GET"]}}],"collection":[{"href":"https:\/\/blogomorangodonordeste.com.br\/index.php\/wp-json\/wp\/v2\/posts"}],"about":[{"href":"https:\/\/blogomorangodonordeste.com.br\/index.php\/wp-json\/wp\/v2\/types\/post"}],"author":[{"embeddable":true,"href":"https:\/\/blogomorangodonordeste.com.br\/index.php\/wp-json\/wp\/v2\/users\/1"}],"replies":[{"embeddable":true,"href":"https:\/\/blogomorangodonordeste.com.br\/index.php\/wp-json\/wp\/v2\/comments?post=5570"}],"version-history":[{"count":1,"href":"https:\/\/blogomorangodonordeste.com.br\/index.php\/wp-json\/wp\/v2\/posts\/5570\/revisions"}],"predecessor-version":[{"id":5573,"href":"https:\/\/blogomorangodonordeste.com.br\/index.php\/wp-json\/wp\/v2\/posts\/5570\/revisions\/5573"}],"wp:attachment":[{"href":"https:\/\/blogomorangodonordeste.com.br\/index.php\/wp-json\/wp\/v2\/media?parent=5570"}],"wp:term":[{"taxonomy":"category","embeddable":true,"href":"https:\/\/blogomorangodonordeste.com.br\/index.php\/wp-json\/wp\/v2\/categories?post=5570"},{"taxonomy":"post_tag","embeddable":true,"href":"https:\/\/blogomorangodonordeste.com.br\/index.php\/wp-json\/wp\/v2\/tags?post=5570"},{"taxonomy":"yst_prominent_words","embeddable":true,"href":"https:\/\/blogomorangodonordeste.com.br\/index.php\/wp-json\/wp\/v2\/yst_prominent_words?post=5570"}],"curies":[{"name":"wp","href":"https:\/\/api.w.org\/{rel}","templated":true}]}}