{"id":5564,"date":"2026-09-04T14:08:45","date_gmt":"2026-09-04T17:08:45","guid":{"rendered":"https:\/\/blogomorangodonordeste.com.br\/?p=5564"},"modified":"2026-09-04T14:08:45","modified_gmt":"2026-09-04T17:08:45","slug":"moraes-usa-relatorio-interno-da-pf-para-pedir-investigacao-contra-mendonca-por-supostas-interferencias","status":"publish","type":"post","link":"https:\/\/blogomorangodonordeste.com.br\/index.php\/2026\/09\/04\/moraes-usa-relatorio-interno-da-pf-para-pedir-investigacao-contra-mendonca-por-supostas-interferencias\/","title":{"rendered":"Moraes usa relat\u00f3rio interno da PF para pedir investiga\u00e7\u00e3o contra Mendon\u00e7a por supostas interfer\u00eancias"},"content":{"rendered":"<p><img loading=\"lazy\" decoding=\"async\" class=\"alignnone size-full wp-image-5565\" src=\"https:\/\/blogomorangodonordeste.com.br\/wp-content\/uploads\/2026\/09\/IMG-20260904-WA0097.jpg\" alt=\"\" width=\"768\" height=\"512\" srcset=\"https:\/\/blogomorangodonordeste.com.br\/wp-content\/uploads\/2026\/09\/IMG-20260904-WA0097.jpg 768w, https:\/\/blogomorangodonordeste.com.br\/wp-content\/uploads\/2026\/09\/IMG-20260904-WA0097-300x200.jpg 300w, https:\/\/blogomorangodonordeste.com.br\/wp-content\/uploads\/2026\/09\/IMG-20260904-WA0097-150x100.jpg 150w\" sizes=\"auto, (max-width: 768px) 100vw, 768px\" \/><\/p>\n<p>&nbsp;<\/p>\n<p>O ministro do Supremo Tribunal Federal (STF) Alexandre de Moraes utilizou um relat\u00f3rio interno de intelig\u00eancia da Pol\u00edcia Federal, classificado pelo pr\u00f3prio documento como \u201csem valor probat\u00f3rio\u201d, para fundamentar um pedido de investiga\u00e7\u00e3o contra o ministro Andr\u00e9 Mendon\u00e7a por suspeitas de abuso de autoridade e interfer\u00eancias indevidas na condu\u00e7\u00e3o de investiga\u00e7\u00f5es.<\/p>\n<p>&nbsp;<\/p>\n<p>O documento n\u00e3o possui cabe\u00e7alho oficial da Pol\u00edcia Federal nem assinatura de delegado. Entre os pontos apresentados, est\u00e3o relatos de fontes an\u00f4nimas que atribuem a Mendon\u00e7a supostas tentativas de interfer\u00eancia na condu\u00e7\u00e3o de acordos de dela\u00e7\u00e3o premiada relacionados \u00e0s investiga\u00e7\u00f5es sobre desvios no Instituto Nacional do Seguro Social (INSS).<\/p>\n<p>&nbsp;<\/p>\n<p>O relat\u00f3rio tamb\u00e9m registra, sem identificar a fonte, que Mendon\u00e7a teria manifestado desconfian\u00e7a em rela\u00e7\u00e3o ao diretor-geral da PF, Andrei Rodrigues, e ao procurador-geral da Rep\u00fablica, Paulo Gonet.<\/p>\n<p>&nbsp;<\/p>\n<p>Em rela\u00e7\u00e3o a Andrei Rodrigues, uma fonte an\u00f4nima relatou que Mendon\u00e7a teria informado, em reuni\u00e3o com integrantes da PF, a instaura\u00e7\u00e3o de um procedimento para avaliar um eventual afastamento do diretor-geral, sob suspeita de interfer\u00eancias na investiga\u00e7\u00e3o sobre fraudes no INSS.<\/p>\n<p>&nbsp;<\/p>\n<p>Apesar das informa\u00e7\u00f5es apresentadas, o pr\u00f3prio documento ressalta que os relatos possuem grau de confiabilidade classificado entre \u201cbaixo e moderado\u201d, justamente por n\u00e3o estarem acompanhados de provas documentais.<\/p>\n<p>&nbsp;<\/p>\n<p>Caso Daniel Vorcaro<\/p>\n<p>&nbsp;<\/p>\n<p>Outro ponto analisado no relat\u00f3rio envolve uma determina\u00e7\u00e3o de Mendon\u00e7a para que a Pol\u00edcia Federal produzisse um levantamento destinado a identificar o interlocutor do banqueiro Daniel Vorcaro em conversas que haviam sido apagadas de seu celular.<\/p>\n<p>&nbsp;<\/p>\n<p>Segundo o documento, a solicita\u00e7\u00e3o para identificar o interlocutor seria um ato \u201cpreliminar defens\u00e1vel e possivelmente devido\u201d, considerando a necessidade de avaliar a compet\u00eancia para conduzir o caso.<\/p>\n<p>&nbsp;<\/p>\n<p>Por outro lado, o relat\u00f3rio classificou como indevida a determina\u00e7\u00e3o para que fossem entregues todas as mensagens dos interlocutores, diante da possibilidade de o ministro n\u00e3o ter compet\u00eancia para conduzir aquela etapa da investiga\u00e7\u00e3o.<\/p>\n<p>&nbsp;<\/p>\n<p>O documento ainda registra que Mendon\u00e7a teria questionado integrantes da PF, em reuni\u00f5es, sobre a exist\u00eancia de mensagens no celular de Vorcaro relacionadas a Alexandre de Moraes.<\/p>\n<p>&nbsp;<\/p>\n<p>Relat\u00f3rio diverge de conclus\u00e3o apresentada por Moraes<\/p>\n<p>&nbsp;<\/p>\n<p>O conte\u00fado do relat\u00f3rio tamb\u00e9m apresenta diverg\u00eancias em rela\u00e7\u00e3o a uma conclus\u00e3o atribu\u00edda a Moraes em sua decis\u00e3o: a de que o documento apontaria um direcionamento indevido das investiga\u00e7\u00f5es contra cinco ministros do STF.<\/p>\n<p>&nbsp;<\/p>\n<p>Embora os nomes de ministros apare\u00e7am no relat\u00f3rio, eles s\u00e3o mencionados em contextos distintos. Em um dos trechos, por exemplo, o documento considera graves suspeitas levantadas pela PF sobre o relacionamento do ministro Dias Toffoli com Vorcaro e afirma que o epis\u00f3dio n\u00e3o teria sido alvo de apura\u00e7\u00e3o no STF.<\/p>\n<p>&nbsp;<\/p>\n<p>Em outro ponto, o relat\u00f3rio registra que Mendon\u00e7a teria demonstrado preocupa\u00e7\u00e3o com acusa\u00e7\u00f5es consideradas infundadas contra o ministro Kassio Nunes Marques.<\/p>\n<p>&nbsp;<\/p>\n<p>As pr\u00f3prias men\u00e7\u00f5es envolvendo ministros do STF, contudo, tamb\u00e9m foram classificadas no documento com baixo grau de confiabilidade.<\/p>\n<p>&nbsp;<\/p>\n<p>Assim, o relat\u00f3rio utilizado como fundamento para a investiga\u00e7\u00e3o re\u00fane informa\u00e7\u00f5es de fontes n\u00e3o identificadas e ressalvas expressas sobre a confiabilidade dos relatos, al\u00e9m de n\u00e3o possuir assinatura de delegado ou elementos formais que lhe confiram valor probat\u00f3rio.<\/p>\n","protected":false},"excerpt":{"rendered":"<p>&nbsp; O ministro do Supremo Tribunal Federal (STF) Alexandre de Moraes utilizou um relat\u00f3rio interno de intelig\u00eancia da Pol\u00edcia Federal, classificado pelo pr\u00f3prio documento como \u201csem valor probat\u00f3rio\u201d, para fundamentar um pedido de investiga\u00e7\u00e3o contra o ministro Andr\u00e9 Mendon\u00e7a por suspeitas de abuso de autoridade e interfer\u00eancias indevidas na condu\u00e7\u00e3o de investiga\u00e7\u00f5es. &nbsp; O documento [&hellip;]<\/p>\n","protected":false},"author":1,"featured_media":0,"comment_status":"open","ping_status":"open","sticky":false,"template":"","format":"standard","meta":{"footnotes":""},"categories":[1],"tags":[],"yst_prominent_words":[],"class_list":["post-5564","post","type-post","status-publish","format-standard","hentry","category-noticia-geral"],"jetpack_featured_media_url":"","_links":{"self":[{"href":"https:\/\/blogomorangodonordeste.com.br\/index.php\/wp-json\/wp\/v2\/posts\/5564","targetHints":{"allow":["GET"]}}],"collection":[{"href":"https:\/\/blogomorangodonordeste.com.br\/index.php\/wp-json\/wp\/v2\/posts"}],"about":[{"href":"https:\/\/blogomorangodonordeste.com.br\/index.php\/wp-json\/wp\/v2\/types\/post"}],"author":[{"embeddable":true,"href":"https:\/\/blogomorangodonordeste.com.br\/index.php\/wp-json\/wp\/v2\/users\/1"}],"replies":[{"embeddable":true,"href":"https:\/\/blogomorangodonordeste.com.br\/index.php\/wp-json\/wp\/v2\/comments?post=5564"}],"version-history":[{"count":1,"href":"https:\/\/blogomorangodonordeste.com.br\/index.php\/wp-json\/wp\/v2\/posts\/5564\/revisions"}],"predecessor-version":[{"id":5566,"href":"https:\/\/blogomorangodonordeste.com.br\/index.php\/wp-json\/wp\/v2\/posts\/5564\/revisions\/5566"}],"wp:attachment":[{"href":"https:\/\/blogomorangodonordeste.com.br\/index.php\/wp-json\/wp\/v2\/media?parent=5564"}],"wp:term":[{"taxonomy":"category","embeddable":true,"href":"https:\/\/blogomorangodonordeste.com.br\/index.php\/wp-json\/wp\/v2\/categories?post=5564"},{"taxonomy":"post_tag","embeddable":true,"href":"https:\/\/blogomorangodonordeste.com.br\/index.php\/wp-json\/wp\/v2\/tags?post=5564"},{"taxonomy":"yst_prominent_words","embeddable":true,"href":"https:\/\/blogomorangodonordeste.com.br\/index.php\/wp-json\/wp\/v2\/yst_prominent_words?post=5564"}],"curies":[{"name":"wp","href":"https:\/\/api.w.org\/{rel}","templated":true}]}}