{"id":5552,"date":"2026-09-04T13:02:33","date_gmt":"2026-09-04T16:02:33","guid":{"rendered":"https:\/\/blogomorangodonordeste.com.br\/?p=5552"},"modified":"2026-09-04T13:02:33","modified_gmt":"2026-09-04T16:02:33","slug":"mpma-investiga-falta-de-abrigos-em-paradas-de-onibus-no-itapera-em-sao-luis","status":"publish","type":"post","link":"https:\/\/blogomorangodonordeste.com.br\/index.php\/2026\/09\/04\/mpma-investiga-falta-de-abrigos-em-paradas-de-onibus-no-itapera-em-sao-luis\/","title":{"rendered":"MPMA investiga falta de abrigos em paradas de \u00f4nibus no Itapera, em S\u00e3o Lu\u00eds"},"content":{"rendered":"<p><img loading=\"lazy\" decoding=\"async\" class=\"alignnone size-full wp-image-5553\" src=\"https:\/\/blogomorangodonordeste.com.br\/wp-content\/uploads\/2026\/09\/IMG-20260903-WA00381.jpg\" alt=\"\" width=\"678\" height=\"452\" srcset=\"https:\/\/blogomorangodonordeste.com.br\/wp-content\/uploads\/2026\/09\/IMG-20260903-WA00381.jpg 678w, https:\/\/blogomorangodonordeste.com.br\/wp-content\/uploads\/2026\/09\/IMG-20260903-WA00381-300x200.jpg 300w, https:\/\/blogomorangodonordeste.com.br\/wp-content\/uploads\/2026\/09\/IMG-20260903-WA00381-150x100.jpg 150w\" sizes=\"auto, (max-width: 678px) 100vw, 678px\" \/><\/p>\n<p>&nbsp;<\/p>\n<p>O Minist\u00e9rio P\u00fablico do Maranh\u00e3o (MPMA) instaurou um Inqu\u00e9rito Civil para apurar uma poss\u00edvel omiss\u00e3o do poder p\u00fablico na implanta\u00e7\u00e3o de abrigos nas paradas de \u00f4nibus do bairro Itapera, na zona rural de S\u00e3o Lu\u00eds.<\/p>\n<p>&nbsp;<\/p>\n<p>A investiga\u00e7\u00e3o teve origem em uma manifesta\u00e7\u00e3o apresentada por moradores durante uma Escuta Social realizada em 15 de abril de 2026, na Associa\u00e7\u00e3o de Moradores do Itapera. Na ocasi\u00e3o, a popula\u00e7\u00e3o relatou a necessidade de instala\u00e7\u00e3o de estruturas nos pontos de parada do transporte coletivo.<\/p>\n<p>&nbsp;<\/p>\n<p>Segundo o MPMA, a aus\u00eancia dos abrigos deixa usu\u00e1rios expostos diariamente ao sol, \u00e0 chuva e a outras condi\u00e7\u00f5es clim\u00e1ticas, al\u00e9m de poder comprometer aspectos relacionados \u00e0 seguran\u00e7a, ao conforto e \u00e0 acessibilidade.<\/p>\n<p>&nbsp;<\/p>\n<p>O procedimento busca verificar uma eventual omiss\u00e3o da Prefeitura de S\u00e3o Lu\u00eds e da Secretaria Municipal de Tr\u00e2nsito e Transportes (SMTT) na implanta\u00e7\u00e3o das estruturas ao longo do bairro.<\/p>\n<p>&nbsp;<\/p>\n<p>Como parte das primeiras dilig\u00eancias, o Minist\u00e9rio P\u00fablico determinou o envio de of\u00edcios \u00e0 Prefeitura e \u00e0 SMTT. Os \u00f3rg\u00e3os ter\u00e3o prazo de 15 dias para informar quais provid\u00eancias j\u00e1 foram adotadas ou est\u00e3o previstas para solucionar a situa\u00e7\u00e3o.<\/p>\n<p>&nbsp;<\/p>\n<p>Tamb\u00e9m dever\u00e3o ser encaminhados, caso existam, cronogramas de execu\u00e7\u00e3o, estudos t\u00e9cnicos, projetos e demais documentos relacionados \u00e0 implanta\u00e7\u00e3o dos abrigos.<\/p>\n<p>&nbsp;<\/p>\n<p>A apura\u00e7\u00e3o tem origem na Not\u00edcia de Fato n\u00ba 016656-500\/2026. De acordo com o documento, o prazo inicial de an\u00e1lise foi encerrado sem a conclus\u00e3o do caso, levando o MPMA a instaurar o Inqu\u00e9rito Civil para aprofundar a investiga\u00e7\u00e3o.<\/p>\n<p>&nbsp;<\/p>\n<p>A portaria foi assinada pelo promotor de Justi\u00e7a Albert Lages Mendes em 28 de agosto de 2026 e publicada no Di\u00e1rio Eletr\u00f4nico do Minist\u00e9rio P\u00fablico do Maranh\u00e3o em 1\u00ba de setembro.<\/p>\n","protected":false},"excerpt":{"rendered":"<p>&nbsp; O Minist\u00e9rio P\u00fablico do Maranh\u00e3o (MPMA) instaurou um Inqu\u00e9rito Civil para apurar uma poss\u00edvel omiss\u00e3o do poder p\u00fablico na implanta\u00e7\u00e3o de abrigos nas paradas de \u00f4nibus do bairro Itapera, na zona rural de S\u00e3o Lu\u00eds. &nbsp; A investiga\u00e7\u00e3o teve origem em uma manifesta\u00e7\u00e3o apresentada por moradores durante uma Escuta Social realizada em 15 de [&hellip;]<\/p>\n","protected":false},"author":1,"featured_media":0,"comment_status":"open","ping_status":"open","sticky":false,"template":"","format":"standard","meta":{"footnotes":""},"categories":[1],"tags":[],"yst_prominent_words":[],"class_list":["post-5552","post","type-post","status-publish","format-standard","hentry","category-noticia-geral"],"jetpack_featured_media_url":"","_links":{"self":[{"href":"https:\/\/blogomorangodonordeste.com.br\/index.php\/wp-json\/wp\/v2\/posts\/5552","targetHints":{"allow":["GET"]}}],"collection":[{"href":"https:\/\/blogomorangodonordeste.com.br\/index.php\/wp-json\/wp\/v2\/posts"}],"about":[{"href":"https:\/\/blogomorangodonordeste.com.br\/index.php\/wp-json\/wp\/v2\/types\/post"}],"author":[{"embeddable":true,"href":"https:\/\/blogomorangodonordeste.com.br\/index.php\/wp-json\/wp\/v2\/users\/1"}],"replies":[{"embeddable":true,"href":"https:\/\/blogomorangodonordeste.com.br\/index.php\/wp-json\/wp\/v2\/comments?post=5552"}],"version-history":[{"count":1,"href":"https:\/\/blogomorangodonordeste.com.br\/index.php\/wp-json\/wp\/v2\/posts\/5552\/revisions"}],"predecessor-version":[{"id":5554,"href":"https:\/\/blogomorangodonordeste.com.br\/index.php\/wp-json\/wp\/v2\/posts\/5552\/revisions\/5554"}],"wp:attachment":[{"href":"https:\/\/blogomorangodonordeste.com.br\/index.php\/wp-json\/wp\/v2\/media?parent=5552"}],"wp:term":[{"taxonomy":"category","embeddable":true,"href":"https:\/\/blogomorangodonordeste.com.br\/index.php\/wp-json\/wp\/v2\/categories?post=5552"},{"taxonomy":"post_tag","embeddable":true,"href":"https:\/\/blogomorangodonordeste.com.br\/index.php\/wp-json\/wp\/v2\/tags?post=5552"},{"taxonomy":"yst_prominent_words","embeddable":true,"href":"https:\/\/blogomorangodonordeste.com.br\/index.php\/wp-json\/wp\/v2\/yst_prominent_words?post=5552"}],"curies":[{"name":"wp","href":"https:\/\/api.w.org\/{rel}","templated":true}]}}