{"id":5543,"date":"2026-09-03T13:27:29","date_gmt":"2026-09-03T16:27:29","guid":{"rendered":"https:\/\/blogomorangodonordeste.com.br\/?p=5543"},"modified":"2026-09-03T13:27:29","modified_gmt":"2026-09-03T16:27:29","slug":"brandao-acompanha-inicio-de-nova-etapa-da-operacao-forcas-integradas-na-grande-ilha","status":"publish","type":"post","link":"https:\/\/blogomorangodonordeste.com.br\/index.php\/2026\/09\/03\/brandao-acompanha-inicio-de-nova-etapa-da-operacao-forcas-integradas-na-grande-ilha\/","title":{"rendered":"Brand\u00e3o acompanha in\u00edcio de nova etapa da Opera\u00e7\u00e3o For\u00e7as Integradas na Grande Ilha"},"content":{"rendered":"<p><img loading=\"lazy\" decoding=\"async\" class=\"alignnone size-full wp-image-5544\" src=\"https:\/\/blogomorangodonordeste.com.br\/wp-content\/uploads\/2026\/09\/IMG-20260903-WA0042.jpg\" alt=\"\" width=\"1536\" height=\"1024\" srcset=\"https:\/\/blogomorangodonordeste.com.br\/wp-content\/uploads\/2026\/09\/IMG-20260903-WA0042.jpg 1536w, https:\/\/blogomorangodonordeste.com.br\/wp-content\/uploads\/2026\/09\/IMG-20260903-WA0042-300x200.jpg 300w, https:\/\/blogomorangodonordeste.com.br\/wp-content\/uploads\/2026\/09\/IMG-20260903-WA0042-1024x683.jpg 1024w, https:\/\/blogomorangodonordeste.com.br\/wp-content\/uploads\/2026\/09\/IMG-20260903-WA0042-768x512.jpg 768w, https:\/\/blogomorangodonordeste.com.br\/wp-content\/uploads\/2026\/09\/IMG-20260903-WA0042-150x100.jpg 150w\" sizes=\"auto, (max-width: 1536px) 100vw, 1536px\" \/><\/p>\n<p>&nbsp;<\/p>\n<p>O governador Carlos Brand\u00e3o acompanhou, na noite desta quarta-feira (2), o in\u00edcio de uma nova etapa da Opera\u00e7\u00e3o For\u00e7as Integradas, que mobiliza mais de 250 agentes das for\u00e7as de seguran\u00e7a na Grande Ilha de S\u00e3o Lu\u00eds. A a\u00e7\u00e3o ocorre simultaneamente em S\u00e3o Lu\u00eds, Pa\u00e7o do Lumiar, S\u00e3o Jos\u00e9 de Ribamar e Raposa.<\/p>\n<p>&nbsp;<\/p>\n<p>A opera\u00e7\u00e3o re\u00fane equipes da Pol\u00edcia Militar, Pol\u00edcia Civil, Corpo de Bombeiros, Per\u00edcia Oficial, Centro T\u00e1tico A\u00e9reo (CTA) e Centro Integrado de Opera\u00e7\u00f5es de Seguran\u00e7a (Ciops). Entre os objetivos est\u00e3o o refor\u00e7o do policiamento ostensivo, a localiza\u00e7\u00e3o de pessoas foragidas da Justi\u00e7a e a apreens\u00e3o de armas e drogas.<\/p>\n<p>&nbsp;<\/p>\n<p>Durante a a\u00e7\u00e3o, Brand\u00e3o afirmou que mais de 13 mil integrantes de fac\u00e7\u00f5es criminosas foram presos durante sua gest\u00e3o. Segundo o governador, o Estado pretende ampliar as a\u00e7\u00f5es de enfrentamento ao crime organizado.<\/p>\n<p>&nbsp;<\/p>\n<p>\u201cQuem escolheu o caminho do crime vai encontrar resist\u00eancia forte do nosso governo. O nosso governo est\u00e1 preparado para combater o crime organizado\u201d, declarou.<\/p>\n<p>&nbsp;<\/p>\n<p>O governador tamb\u00e9m informou que opera\u00e7\u00f5es semelhantes est\u00e3o sendo realizadas em outras regi\u00f5es do Maranh\u00e3o, com refor\u00e7o do policiamento em avenidas e bairros considerados estrat\u00e9gicos pelas for\u00e7as de seguran\u00e7a.<\/p>\n","protected":false},"excerpt":{"rendered":"<p>&nbsp; O governador Carlos Brand\u00e3o acompanhou, na noite desta quarta-feira (2), o in\u00edcio de uma nova etapa da Opera\u00e7\u00e3o For\u00e7as Integradas, que mobiliza mais de 250 agentes das for\u00e7as de seguran\u00e7a na Grande Ilha de S\u00e3o Lu\u00eds. A a\u00e7\u00e3o ocorre simultaneamente em S\u00e3o Lu\u00eds, Pa\u00e7o do Lumiar, S\u00e3o Jos\u00e9 de Ribamar e Raposa. &nbsp; A [&hellip;]<\/p>\n","protected":false},"author":1,"featured_media":0,"comment_status":"open","ping_status":"open","sticky":false,"template":"","format":"standard","meta":{"footnotes":""},"categories":[1],"tags":[],"yst_prominent_words":[],"class_list":["post-5543","post","type-post","status-publish","format-standard","hentry","category-noticia-geral"],"jetpack_featured_media_url":"","_links":{"self":[{"href":"https:\/\/blogomorangodonordeste.com.br\/index.php\/wp-json\/wp\/v2\/posts\/5543","targetHints":{"allow":["GET"]}}],"collection":[{"href":"https:\/\/blogomorangodonordeste.com.br\/index.php\/wp-json\/wp\/v2\/posts"}],"about":[{"href":"https:\/\/blogomorangodonordeste.com.br\/index.php\/wp-json\/wp\/v2\/types\/post"}],"author":[{"embeddable":true,"href":"https:\/\/blogomorangodonordeste.com.br\/index.php\/wp-json\/wp\/v2\/users\/1"}],"replies":[{"embeddable":true,"href":"https:\/\/blogomorangodonordeste.com.br\/index.php\/wp-json\/wp\/v2\/comments?post=5543"}],"version-history":[{"count":1,"href":"https:\/\/blogomorangodonordeste.com.br\/index.php\/wp-json\/wp\/v2\/posts\/5543\/revisions"}],"predecessor-version":[{"id":5545,"href":"https:\/\/blogomorangodonordeste.com.br\/index.php\/wp-json\/wp\/v2\/posts\/5543\/revisions\/5545"}],"wp:attachment":[{"href":"https:\/\/blogomorangodonordeste.com.br\/index.php\/wp-json\/wp\/v2\/media?parent=5543"}],"wp:term":[{"taxonomy":"category","embeddable":true,"href":"https:\/\/blogomorangodonordeste.com.br\/index.php\/wp-json\/wp\/v2\/categories?post=5543"},{"taxonomy":"post_tag","embeddable":true,"href":"https:\/\/blogomorangodonordeste.com.br\/index.php\/wp-json\/wp\/v2\/tags?post=5543"},{"taxonomy":"yst_prominent_words","embeddable":true,"href":"https:\/\/blogomorangodonordeste.com.br\/index.php\/wp-json\/wp\/v2\/yst_prominent_words?post=5543"}],"curies":[{"name":"wp","href":"https:\/\/api.w.org\/{rel}","templated":true}]}}