{"id":5540,"date":"2026-09-03T13:21:32","date_gmt":"2026-09-03T16:21:32","guid":{"rendered":"https:\/\/blogomorangodonordeste.com.br\/?p=5540"},"modified":"2026-09-03T13:21:32","modified_gmt":"2026-09-03T16:21:32","slug":"mpma-abre-investigacao-sobre-falta-de-abrigos-em-paradas-de-onibus-no-itapera","status":"publish","type":"post","link":"https:\/\/blogomorangodonordeste.com.br\/index.php\/2026\/09\/03\/mpma-abre-investigacao-sobre-falta-de-abrigos-em-paradas-de-onibus-no-itapera\/","title":{"rendered":"MPMA abre investiga\u00e7\u00e3o sobre falta de abrigos em paradas de \u00f4nibus no Itapera"},"content":{"rendered":"<p><img loading=\"lazy\" decoding=\"async\" class=\"alignnone size-full wp-image-5541\" src=\"https:\/\/blogomorangodonordeste.com.br\/wp-content\/uploads\/2026\/09\/IMG-20260903-WA0038.jpg\" alt=\"\" width=\"678\" height=\"452\" srcset=\"https:\/\/blogomorangodonordeste.com.br\/wp-content\/uploads\/2026\/09\/IMG-20260903-WA0038.jpg 678w, https:\/\/blogomorangodonordeste.com.br\/wp-content\/uploads\/2026\/09\/IMG-20260903-WA0038-300x200.jpg 300w, https:\/\/blogomorangodonordeste.com.br\/wp-content\/uploads\/2026\/09\/IMG-20260903-WA0038-150x100.jpg 150w\" sizes=\"auto, (max-width: 678px) 100vw, 678px\" \/><\/p>\n<p>&nbsp;<\/p>\n<p>O Minist\u00e9rio P\u00fablico do Maranh\u00e3o instaurou um Inqu\u00e9rito Civil para apurar uma poss\u00edvel omiss\u00e3o do poder p\u00fablico na instala\u00e7\u00e3o de abrigos nas paradas de \u00f4nibus do bairro Itapera, na zona rural de S\u00e3o Lu\u00eds.<\/p>\n<p>&nbsp;<\/p>\n<p>A investiga\u00e7\u00e3o teve origem em reclama\u00e7\u00f5es apresentadas por moradores durante uma Escuta Social realizada em 15 de abril de 2026, na Associa\u00e7\u00e3o de Moradores do Itapera. Segundo os relatos, passageiros enfrentam diariamente a falta de estrutura para aguardar o transporte coletivo, ficando expostos ao sol, \u00e0 chuva e a outras condi\u00e7\u00f5es clim\u00e1ticas.<\/p>\n<p>&nbsp;<\/p>\n<p>De acordo com o Minist\u00e9rio P\u00fablico, a aus\u00eancia dos abrigos pode comprometer condi\u00e7\u00f5es b\u00e1sicas de seguran\u00e7a, conforto e acessibilidade dos usu\u00e1rios do transporte p\u00fablico.<\/p>\n<p>&nbsp;<\/p>\n<p>O procedimento busca verificar se houve omiss\u00e3o por parte da Prefeitura de S\u00e3o Lu\u00eds e da Secretaria Municipal de Tr\u00e2nsito e Transportes (SMTT) na implanta\u00e7\u00e3o das estruturas ao longo do bairro.<\/p>\n<p>&nbsp;<\/p>\n<p>Prefeitura e SMTT ter\u00e3o 15 dias para prestar esclarecimentos<\/p>\n<p>&nbsp;<\/p>\n<p>Como primeira provid\u00eancia, o MPMA determinou o envio de of\u00edcios \u00e0 Prefeitura e \u00e0 SMTT. Os \u00f3rg\u00e3os ter\u00e3o prazo de 15 dias para informar quais medidas j\u00e1 foram adotadas ou est\u00e3o previstas para solucionar o problema.<\/p>\n<p>&nbsp;<\/p>\n<p>Tamb\u00e9m dever\u00e3o ser apresentados, caso existam, documentos como cronogramas de execu\u00e7\u00e3o, estudos t\u00e9cnicos, projetos e outras informa\u00e7\u00f5es relacionadas \u00e0 implanta\u00e7\u00e3o dos abrigos.<\/p>\n<p>&nbsp;<\/p>\n<p>A investiga\u00e7\u00e3o decorre da Not\u00edcia de Fato n\u00ba 016656-500\/2026. O prazo inicial para apura\u00e7\u00e3o terminou sem que fosse poss\u00edvel concluir o caso ou verificar a ado\u00e7\u00e3o das provid\u00eancias necess\u00e1rias, levando o Minist\u00e9rio P\u00fablico a transformar o procedimento em Inqu\u00e9rito Civil.<\/p>\n<p>&nbsp;<\/p>\n<p>A portaria foi assinada pelo promotor de Justi\u00e7a Albert Lages Mendes em 28 de agosto de 2026 e publicada no Di\u00e1rio Eletr\u00f4nico do Minist\u00e9rio P\u00fablico do Maranh\u00e3o nesta ter\u00e7a-feira (1\u00ba).<\/p>\n<p>&nbsp;<\/p>\n<p>Com a abertura do inqu\u00e9rito, o Minist\u00e9rio P\u00fablico passa a acompanhar formalmente a situa\u00e7\u00e3o e cobrar informa\u00e7\u00f5es do Munic\u00edpio sobre as medidas que pretende adotar para garantir melhores condi\u00e7\u00f5es aos moradores que dependem do transporte coletivo no Itapera.<\/p>\n","protected":false},"excerpt":{"rendered":"<p>&nbsp; O Minist\u00e9rio P\u00fablico do Maranh\u00e3o instaurou um Inqu\u00e9rito Civil para apurar uma poss\u00edvel omiss\u00e3o do poder p\u00fablico na instala\u00e7\u00e3o de abrigos nas paradas de \u00f4nibus do bairro Itapera, na zona rural de S\u00e3o Lu\u00eds. &nbsp; A investiga\u00e7\u00e3o teve origem em reclama\u00e7\u00f5es apresentadas por moradores durante uma Escuta Social realizada em 15 de abril de [&hellip;]<\/p>\n","protected":false},"author":1,"featured_media":0,"comment_status":"open","ping_status":"open","sticky":false,"template":"","format":"standard","meta":{"footnotes":""},"categories":[1],"tags":[],"yst_prominent_words":[],"class_list":["post-5540","post","type-post","status-publish","format-standard","hentry","category-noticia-geral"],"jetpack_featured_media_url":"","_links":{"self":[{"href":"https:\/\/blogomorangodonordeste.com.br\/index.php\/wp-json\/wp\/v2\/posts\/5540","targetHints":{"allow":["GET"]}}],"collection":[{"href":"https:\/\/blogomorangodonordeste.com.br\/index.php\/wp-json\/wp\/v2\/posts"}],"about":[{"href":"https:\/\/blogomorangodonordeste.com.br\/index.php\/wp-json\/wp\/v2\/types\/post"}],"author":[{"embeddable":true,"href":"https:\/\/blogomorangodonordeste.com.br\/index.php\/wp-json\/wp\/v2\/users\/1"}],"replies":[{"embeddable":true,"href":"https:\/\/blogomorangodonordeste.com.br\/index.php\/wp-json\/wp\/v2\/comments?post=5540"}],"version-history":[{"count":1,"href":"https:\/\/blogomorangodonordeste.com.br\/index.php\/wp-json\/wp\/v2\/posts\/5540\/revisions"}],"predecessor-version":[{"id":5542,"href":"https:\/\/blogomorangodonordeste.com.br\/index.php\/wp-json\/wp\/v2\/posts\/5540\/revisions\/5542"}],"wp:attachment":[{"href":"https:\/\/blogomorangodonordeste.com.br\/index.php\/wp-json\/wp\/v2\/media?parent=5540"}],"wp:term":[{"taxonomy":"category","embeddable":true,"href":"https:\/\/blogomorangodonordeste.com.br\/index.php\/wp-json\/wp\/v2\/categories?post=5540"},{"taxonomy":"post_tag","embeddable":true,"href":"https:\/\/blogomorangodonordeste.com.br\/index.php\/wp-json\/wp\/v2\/tags?post=5540"},{"taxonomy":"yst_prominent_words","embeddable":true,"href":"https:\/\/blogomorangodonordeste.com.br\/index.php\/wp-json\/wp\/v2\/yst_prominent_words?post=5540"}],"curies":[{"name":"wp","href":"https:\/\/api.w.org\/{rel}","templated":true}]}}