{"id":5527,"date":"2026-09-02T12:15:49","date_gmt":"2026-09-02T15:15:49","guid":{"rendered":"https:\/\/blogomorangodonordeste.com.br\/?p=5527"},"modified":"2026-09-02T12:15:49","modified_gmt":"2026-09-02T15:15:49","slug":"justica-eleitoral-mantem-propaganda-de-orleans-brandao-com-mencoes-e-imagens-ao-lado-de-lula","status":"publish","type":"post","link":"https:\/\/blogomorangodonordeste.com.br\/index.php\/2026\/09\/02\/justica-eleitoral-mantem-propaganda-de-orleans-brandao-com-mencoes-e-imagens-ao-lado-de-lula\/","title":{"rendered":"Justi\u00e7a Eleitoral mant\u00e9m propaganda de Orleans Brand\u00e3o com men\u00e7\u00f5es e imagens ao lado de Lula"},"content":{"rendered":"<p><img loading=\"lazy\" decoding=\"async\" class=\"alignnone size-full wp-image-5528\" src=\"https:\/\/blogomorangodonordeste.com.br\/wp-content\/uploads\/2026\/09\/IMG-20260902-WA0043.jpg\" alt=\"\" width=\"412\" height=\"317\" srcset=\"https:\/\/blogomorangodonordeste.com.br\/wp-content\/uploads\/2026\/09\/IMG-20260902-WA0043.jpg 412w, https:\/\/blogomorangodonordeste.com.br\/wp-content\/uploads\/2026\/09\/IMG-20260902-WA0043-300x231.jpg 300w\" sizes=\"auto, (max-width: 412px) 100vw, 412px\" \/><\/p>\n<p>&nbsp;<\/p>\n<p>A Justi\u00e7a Eleitoral decidiu manter no ar as propagandas do candidato ao Governo do Maranh\u00e3o, Orleans Brand\u00e3o (MDB), que fazem men\u00e7\u00f5es ao presidente Luiz In\u00e1cio Lula da Silva (PT) e exibem imagens dos dois juntos. A decis\u00e3o foi proferida pela ju\u00edza Manuella Viana dos Santos Faria Ribeiro, auxiliar da Comiss\u00e3o de Propaganda do Tribunal Regional Eleitoral do Maranh\u00e3o (TRE-MA).<\/p>\n<p>&nbsp;<\/p>\n<p>A a\u00e7\u00e3o para retirar as pe\u00e7as publicit\u00e1rias foi apresentada pela coliga\u00e7\u00e3o Brasil Justo, Maranh\u00e3o Grande, que questionou cinco propagandas veiculadas no hor\u00e1rio eleitoral gratuito no dia 28 de agosto, entre programas em bloco e inser\u00e7\u00f5es exibidas nas TVs Mirante e Difusora.<\/p>\n<p>&nbsp;<\/p>\n<p>Em uma das pe\u00e7as, Orleans afirma estar ao lado de pessoas que \u201ccomo o governador Brand\u00e3o e o presidente Lula, acreditam que pol\u00edtica \u00e9 cuidar de gente\u201d. Em outro trecho, o candidato declara: \u201cEu sei de que lado eu estou. T\u00f4 do lado do povo, trabalhando junto com o presidente Lula\u201d.<\/p>\n<p>&nbsp;<\/p>\n<p>As propagandas tamb\u00e9m apresentam fotografias e v\u00eddeos de Orleans Brand\u00e3o ao lado de Lula em eventos p\u00fablicos. Para a coliga\u00e7\u00e3o autora da representa\u00e7\u00e3o, o conte\u00fado estaria utilizando eleitoralmente a imagem do presidente, que \u00e9 presidente de honra do PT.<\/p>\n<p>&nbsp;<\/p>\n<p>Ao analisar o pedido, entretanto, a magistrada entendeu que n\u00e3o h\u00e1 impedimento legal para que candidatos fa\u00e7am, durante o primeiro turno, men\u00e7\u00f5es a autoridades ou figuras p\u00fablicas em suas propagandas eleitorais. A restri\u00e7\u00e3o relacionada \u00e0 participa\u00e7\u00e3o de filiados a partidos que apoiam candidaturas advers\u00e1rias est\u00e1 prevista especificamente para o segundo turno.<\/p>\n<p>&nbsp;<\/p>\n<p>Outro ponto considerado pela Justi\u00e7a Eleitoral foi a aus\u00eancia de participa\u00e7\u00e3o ativa de Lula nas pe\u00e7as questionadas. Conforme destacado na decis\u00e3o, o presidente n\u00e3o aparece fazendo declara\u00e7\u00f5es, pedindo votos, concedendo depoimento ou manifestando apoio direto \u00e0 candidatura de Orleans.<\/p>\n<p>&nbsp;<\/p>\n<p>A magistrada tamb\u00e9m avaliou a declara\u00e7\u00e3o de Orleans de que est\u00e1 \u201ctrabalhando junto com o presidente Lula\u201d. Segundo a decis\u00e3o, a express\u00e3o pode ser compreendida como uma refer\u00eancia \u00e0 coopera\u00e7\u00e3o administrativa entre os governos estadual e federal, n\u00e3o configurando, por si s\u00f3, pedido de voto ou associa\u00e7\u00e3o formal entre as candidaturas.<\/p>\n<p>&nbsp;<\/p>\n<p>Quanto \u00e0s imagens de Orleans ao lado de Lula, a decis\u00e3o reconheceu que as fotografias e v\u00eddeos transmitem proximidade pol\u00edtica entre os dois, mas considerou que essa circunst\u00e2ncia, isoladamente, n\u00e3o equivale a uma manifesta\u00e7\u00e3o de apoio eleitoral.<\/p>\n<p>&nbsp;<\/p>\n<p>A Justi\u00e7a Eleitoral tamb\u00e9m rejeitou o pedido para proibir previamente futuras propagandas que fa\u00e7am men\u00e7\u00f5es, utilizem imagens ou tratem de eventual apoio de Lula a Orleans. Para a magistrada, uma proibi\u00e7\u00e3o gen\u00e9rica sobre conte\u00fados que sequer foram produzidos poderia resultar em censura pr\u00e9via.<\/p>\n<p>&nbsp;<\/p>\n<p>Com a decis\u00e3o, as cinco propagandas questionadas pela coliga\u00e7\u00e3o poder\u00e3o continuar sendo veiculadas no hor\u00e1rio eleitoral. Orleans Brand\u00e3o, o candidato a vice-governador Edivaldo Holanda J\u00fanior e a coliga\u00e7\u00e3o Avan\u00e7o por Todo Maranh\u00e3o foram citados para apresentar defesa no prazo de dois dias.<\/p>\n<p>&nbsp;<\/p>\n<p>Ap\u00f3s a apresenta\u00e7\u00e3o das defesas, o processo dever\u00e1 ser encaminhado \u00e0 Procuradoria Regional Eleitoral para emiss\u00e3o de parecer.<\/p>\n","protected":false},"excerpt":{"rendered":"<p>&nbsp; A Justi\u00e7a Eleitoral decidiu manter no ar as propagandas do candidato ao Governo do Maranh\u00e3o, Orleans Brand\u00e3o (MDB), que fazem men\u00e7\u00f5es ao presidente Luiz In\u00e1cio Lula da Silva (PT) e exibem imagens dos dois juntos. A decis\u00e3o foi proferida pela ju\u00edza Manuella Viana dos Santos Faria Ribeiro, auxiliar da Comiss\u00e3o de Propaganda do Tribunal [&hellip;]<\/p>\n","protected":false},"author":1,"featured_media":0,"comment_status":"open","ping_status":"open","sticky":false,"template":"","format":"standard","meta":{"footnotes":""},"categories":[1],"tags":[],"yst_prominent_words":[],"class_list":["post-5527","post","type-post","status-publish","format-standard","hentry","category-noticia-geral"],"jetpack_featured_media_url":"","_links":{"self":[{"href":"https:\/\/blogomorangodonordeste.com.br\/index.php\/wp-json\/wp\/v2\/posts\/5527","targetHints":{"allow":["GET"]}}],"collection":[{"href":"https:\/\/blogomorangodonordeste.com.br\/index.php\/wp-json\/wp\/v2\/posts"}],"about":[{"href":"https:\/\/blogomorangodonordeste.com.br\/index.php\/wp-json\/wp\/v2\/types\/post"}],"author":[{"embeddable":true,"href":"https:\/\/blogomorangodonordeste.com.br\/index.php\/wp-json\/wp\/v2\/users\/1"}],"replies":[{"embeddable":true,"href":"https:\/\/blogomorangodonordeste.com.br\/index.php\/wp-json\/wp\/v2\/comments?post=5527"}],"version-history":[{"count":1,"href":"https:\/\/blogomorangodonordeste.com.br\/index.php\/wp-json\/wp\/v2\/posts\/5527\/revisions"}],"predecessor-version":[{"id":5529,"href":"https:\/\/blogomorangodonordeste.com.br\/index.php\/wp-json\/wp\/v2\/posts\/5527\/revisions\/5529"}],"wp:attachment":[{"href":"https:\/\/blogomorangodonordeste.com.br\/index.php\/wp-json\/wp\/v2\/media?parent=5527"}],"wp:term":[{"taxonomy":"category","embeddable":true,"href":"https:\/\/blogomorangodonordeste.com.br\/index.php\/wp-json\/wp\/v2\/categories?post=5527"},{"taxonomy":"post_tag","embeddable":true,"href":"https:\/\/blogomorangodonordeste.com.br\/index.php\/wp-json\/wp\/v2\/tags?post=5527"},{"taxonomy":"yst_prominent_words","embeddable":true,"href":"https:\/\/blogomorangodonordeste.com.br\/index.php\/wp-json\/wp\/v2\/yst_prominent_words?post=5527"}],"curies":[{"name":"wp","href":"https:\/\/api.w.org\/{rel}","templated":true}]}}