{"id":5520,"date":"2026-09-01T10:50:51","date_gmt":"2026-09-01T13:50:51","guid":{"rendered":"https:\/\/blogomorangodonordeste.com.br\/?p=5520"},"modified":"2026-09-01T10:50:51","modified_gmt":"2026-09-01T13:50:51","slug":"caminhada-cultural-orleans-brandao-assegura-que-vai-dobrar-numero-de-apresentacoes-e-aumentar-em-50-caches-dos-artistas-maranhenses","status":"publish","type":"post","link":"https:\/\/blogomorangodonordeste.com.br\/index.php\/2026\/09\/01\/caminhada-cultural-orleans-brandao-assegura-que-vai-dobrar-numero-de-apresentacoes-e-aumentar-em-50-caches-dos-artistas-maranhenses\/","title":{"rendered":"Caminhada Cultural: Orleans Brand\u00e3o assegura que vai dobrar n\u00famero de apresenta\u00e7\u00f5es e aumentar em 50% cach\u00eas dos artistas maranhenses"},"content":{"rendered":"<p><img loading=\"lazy\" decoding=\"async\" class=\"alignnone size-full wp-image-5521\" src=\"https:\/\/blogomorangodonordeste.com.br\/wp-content\/uploads\/2026\/09\/IMG-20260901-WA0142.jpg\" alt=\"\" width=\"1280\" height=\"854\" srcset=\"https:\/\/blogomorangodonordeste.com.br\/wp-content\/uploads\/2026\/09\/IMG-20260901-WA0142.jpg 1280w, https:\/\/blogomorangodonordeste.com.br\/wp-content\/uploads\/2026\/09\/IMG-20260901-WA0142-300x200.jpg 300w, https:\/\/blogomorangodonordeste.com.br\/wp-content\/uploads\/2026\/09\/IMG-20260901-WA0142-1024x683.jpg 1024w, https:\/\/blogomorangodonordeste.com.br\/wp-content\/uploads\/2026\/09\/IMG-20260901-WA0142-768x512.jpg 768w, https:\/\/blogomorangodonordeste.com.br\/wp-content\/uploads\/2026\/09\/IMG-20260901-WA0142-150x100.jpg 150w\" sizes=\"auto, (max-width: 1280px) 100vw, 1280px\" \/><\/p>\n<p>A valoriza\u00e7\u00e3o da cultura maranhense como uma das prioridades de seu plano de governo deu o tom da \u201cCaminhada Cultural\u201d, liderada pelo candidato ao Governo do Maranh\u00e3o, Orleans Brand\u00e3o (MDB), nesta segunda-feira (31), em S\u00e3o Lu\u00eds. O ato reuniu fazedores de cultura, artistas, lideran\u00e7as do setor e apoiadores em uma grande mobiliza\u00e7\u00e3o que tomou as ruas do Centro da cidade.<\/p>\n<p>&nbsp;<\/p>\n<p>A concentra\u00e7\u00e3o teve in\u00edcio na tradicional Pra\u00e7a Deodoro, de onde os participantes seguiram em caminhada pela Rua Grande e outras vias. O percurso culminou em um grande ato na Pra\u00e7a Nauro Machado, no Centro Hist\u00f3rico da capital, consolidando-se como uma das maiores demonstra\u00e7\u00f5es de apoio dos movimentos culturais \u00e0 candidatura de Orleans Brand\u00e3o.<\/p>\n<p>&nbsp;<\/p>\n<p>Na ocasi\u00e3o, ao apresentar suas propostas para o setor, Orleans assegurou que, j\u00e1 em 2027, vai dobrar o n\u00famero de apresenta\u00e7\u00f5es e aumentar em 50% o valor dos cach\u00eas pagos aos artistas maranhenses. \u201cA cultura \u00e9 a alma do nosso estado e uma grande for\u00e7a do nosso turismo. Precisamos cuidar com muito carinho das nossas manifesta\u00e7\u00f5es e dos fazedores de cultura\u201d, destacou Orleans Brand\u00e3o.<\/p>\n<p>&nbsp;<\/p>\n<p>Durante o ato, o emedebista reiterou ainda que o fortalecimento das manifesta\u00e7\u00f5es culturais e art\u00edsticas do estado \u00e9 uma prioridade em seu plano de governo. Para ele, investir na cultura tamb\u00e9m impulsiona outros setores importantes, como o turismo, al\u00e9m de gerar emprego e renda em diversas frentes para os maranhenses.<\/p>\n<p>&nbsp;<\/p>\n<p>\u201cFizemos muito pela cultura do Maranh\u00e3o, principalmente para valorizar os nossos artistas, seguindo uma determina\u00e7\u00e3o do governador Carlos Brand\u00e3o. Enquanto a Prefeitura de S\u00e3o Lu\u00eds lan\u00e7a edital com cach\u00ea zero, o Governo do Estado seguiu o caminho contr\u00e1rio: valorizou quem faz cultura e mais do que dobrou os investimentos destinados \u00e0s apresenta\u00e7\u00f5es. Depois de 12 anos sem reajuste nos cach\u00eas, o governador Brand\u00e3o concedeu um aumento de 30%. E hoje assumo o compromisso de fazer ainda mais. Em 2027, vamos dobrar o n\u00famero de apresenta\u00e7\u00f5es e aumentar em 50% os cach\u00eas pagos aos nossos artistas, valorizando quem vive e faz a nossa cultura\u201d, enfatizou.<\/p>\n<p>&nbsp;<\/p>\n<p>*Manifesta\u00e7\u00f5es culturais*<\/p>\n<p>&nbsp;<\/p>\n<p>Ao longo do percurso, representantes de diversas manifesta\u00e7\u00f5es culturais acompanharam a caminhada em clima de festa e entusiasmo. Entre os grupos representados estavam o Tambor de Crioula S\u00e3o Benedito, Bloco Encanto da Natureza, Cacuri\u00e1 da Marise, Cacuri\u00e1 do Jonh, os bois Lendas e Magia, Brilho do Sol e Mar, Estrela da Cohab, Reden\u00e7\u00e3o e Brilho da Terra, al\u00e9m da Tribo Tupinamb\u00e1, Encanto do Rio Preto, Grupo Originais do Ritmo, Sindicato do Samba e das quadrilhas Juventude do Sert\u00e3o, Flor do Sert\u00e3o e Flor da Amizade.<\/p>\n<p>&nbsp;<\/p>\n<p>A energia da caminhada contagiou tamb\u00e9m quem acompanhava a passagem do cortejo pelas ruas do Centro. Durante o trajeto, muitas pessoas manifestaram apoio com aplausos e demonstra\u00e7\u00f5es espont\u00e2neas de carinho e ades\u00e3o \u00e0 candidatura de Orleans Brand\u00e3o.<\/p>\n<p>Durante o encontro, diversos fazedores de cultura se manifestaram em apoio a Orleans e destacaram as pol\u00edticas de valoriza\u00e7\u00e3o do setor desenvolvidas pelo Governo do Estado.<\/p>\n<p>&nbsp;<\/p>\n<p>Entre eles, o representante do Boi de Morros, Jos\u00e9 Carlos Lobato, que ressaltou a uni\u00e3o do segmento em torno da candidatura. \u201cO Governo do Maranh\u00e3o plantou a semente, e a cultura unida vai fazer essa semente brotar. A cultura maranhense tem a miss\u00e3o de fazer isso com Orleans Brand\u00e3o\u201d, afirmou Lobato.<\/p>\n<p>&nbsp;<\/p>\n<p>J\u00e1 Arer\u00ea Lambertini, presidente da Federa\u00e7\u00e3o Maranhense de Blocos Organizados, reconheceu os avan\u00e7os alcan\u00e7ados pelo setor e defendeu a continuidade e a amplia\u00e7\u00e3o das pol\u00edticas de incentivo.<\/p>\n<p>\u201cMuito j\u00e1 foi feito, mas \u00e9 preciso fazer ainda mais pelas nossas manifesta\u00e7\u00f5es culturais. E eu sei que Orleans tem esse prop\u00f3sito de continuar valorizando e fortalecendo a cultura maranhense\u201d, declarou.<\/p>\n<p>&nbsp;<\/p>\n<p>Tamb\u00e9m participaram da caminhada a candidata a deputada federal Larissa DP e os candidatos a deputado estadual Raimundo Coelho e Valeska.<\/p>\n","protected":false},"excerpt":{"rendered":"<p>A valoriza\u00e7\u00e3o da cultura maranhense como uma das prioridades de seu plano de governo deu o tom da \u201cCaminhada Cultural\u201d, liderada pelo candidato ao Governo do Maranh\u00e3o, Orleans Brand\u00e3o (MDB), nesta segunda-feira (31), em S\u00e3o Lu\u00eds. O ato reuniu fazedores de cultura, artistas, lideran\u00e7as do setor e apoiadores em uma grande mobiliza\u00e7\u00e3o que tomou as [&hellip;]<\/p>\n","protected":false},"author":1,"featured_media":0,"comment_status":"open","ping_status":"open","sticky":false,"template":"","format":"standard","meta":{"footnotes":""},"categories":[1],"tags":[],"yst_prominent_words":[],"class_list":["post-5520","post","type-post","status-publish","format-standard","hentry","category-noticia-geral"],"_links":{"self":[{"href":"https:\/\/blogomorangodonordeste.com.br\/index.php\/wp-json\/wp\/v2\/posts\/5520","targetHints":{"allow":["GET"]}}],"collection":[{"href":"https:\/\/blogomorangodonordeste.com.br\/index.php\/wp-json\/wp\/v2\/posts"}],"about":[{"href":"https:\/\/blogomorangodonordeste.com.br\/index.php\/wp-json\/wp\/v2\/types\/post"}],"author":[{"embeddable":true,"href":"https:\/\/blogomorangodonordeste.com.br\/index.php\/wp-json\/wp\/v2\/users\/1"}],"replies":[{"embeddable":true,"href":"https:\/\/blogomorangodonordeste.com.br\/index.php\/wp-json\/wp\/v2\/comments?post=5520"}],"version-history":[{"count":1,"href":"https:\/\/blogomorangodonordeste.com.br\/index.php\/wp-json\/wp\/v2\/posts\/5520\/revisions"}],"predecessor-version":[{"id":5522,"href":"https:\/\/blogomorangodonordeste.com.br\/index.php\/wp-json\/wp\/v2\/posts\/5520\/revisions\/5522"}],"wp:attachment":[{"href":"https:\/\/blogomorangodonordeste.com.br\/index.php\/wp-json\/wp\/v2\/media?parent=5520"}],"wp:term":[{"taxonomy":"category","embeddable":true,"href":"https:\/\/blogomorangodonordeste.com.br\/index.php\/wp-json\/wp\/v2\/categories?post=5520"},{"taxonomy":"post_tag","embeddable":true,"href":"https:\/\/blogomorangodonordeste.com.br\/index.php\/wp-json\/wp\/v2\/tags?post=5520"},{"taxonomy":"yst_prominent_words","embeddable":true,"href":"https:\/\/blogomorangodonordeste.com.br\/index.php\/wp-json\/wp\/v2\/yst_prominent_words?post=5520"}],"curies":[{"name":"wp","href":"https:\/\/api.w.org\/{rel}","templated":true}]}}