{"id":5507,"date":"2026-09-01T10:11:40","date_gmt":"2026-09-01T13:11:40","guid":{"rendered":"https:\/\/blogomorangodonordeste.com.br\/?p=5507"},"modified":"2026-09-01T10:11:40","modified_gmt":"2026-09-01T13:11:40","slug":"tre-ma-nega-liminar-e-mantem-decisao-que-impede-candidaturas-de-flamarion-amaral-e-jacimar-dias-pelo-pv","status":"publish","type":"post","link":"https:\/\/blogomorangodonordeste.com.br\/index.php\/2026\/09\/01\/tre-ma-nega-liminar-e-mantem-decisao-que-impede-candidaturas-de-flamarion-amaral-e-jacimar-dias-pelo-pv\/","title":{"rendered":"TRE-MA nega liminar e mant\u00e9m decis\u00e3o que impede candidaturas de Flamarion Amaral e Jacimar Dias pelo PV"},"content":{"rendered":"<p><img loading=\"lazy\" decoding=\"async\" class=\"alignnone size-full wp-image-5508\" src=\"https:\/\/blogomorangodonordeste.com.br\/wp-content\/uploads\/2026\/09\/IMG-20260901-WA0131.jpg\" alt=\"\" width=\"598\" height=\"398\" srcset=\"https:\/\/blogomorangodonordeste.com.br\/wp-content\/uploads\/2026\/09\/IMG-20260901-WA0131.jpg 598w, https:\/\/blogomorangodonordeste.com.br\/wp-content\/uploads\/2026\/09\/IMG-20260901-WA0131-300x200.jpg 300w, https:\/\/blogomorangodonordeste.com.br\/wp-content\/uploads\/2026\/09\/IMG-20260901-WA0131-150x100.jpg 150w\" sizes=\"auto, (max-width: 598px) 100vw, 598px\" \/><\/p>\n<p>&nbsp;<\/p>\n<p>O Tribunal Regional Eleitoral do Maranh\u00e3o (TRE-MA) manteve a decis\u00e3o da Federa\u00e7\u00e3o Brasil da Esperan\u00e7a e negou o pedido de liminar apresentado por Flamarion Amaral, irm\u00e3o do prefeito Rildo Amaral, e Jacimar Dias de Sousa Jovencio. Os dois buscavam garantir espa\u00e7o na disputa por uma vaga na Assembleia Legislativa do Maranh\u00e3o pelo Partido Verde (PV).<\/p>\n<p>&nbsp;<\/p>\n<p>A decis\u00e3o monocr\u00e1tica foi assinada pelo juiz eleitoral Neian Milhomem Cruz e acompanhou o entendimento apresentado pelo Minist\u00e9rio P\u00fablico Eleitoral (MPE).<\/p>\n<p>&nbsp;<\/p>\n<p>Os filiados solicitaram que a Federa\u00e7\u00e3o Brasil da Esperan\u00e7a, formada por PT, PCdoB e PV, fosse obrigada a analisar o pedido de inclus\u00e3o dos nomes na disputa no prazo de 72 horas. Eles tamb\u00e9m pediram a anula\u00e7\u00e3o de uma delibera\u00e7\u00e3o realizada no in\u00edcio de agosto, que havia rejeitado o recurso, al\u00e9m da reserva imediata de duas vagas na nominata proporcional.<\/p>\n<p>&nbsp;<\/p>\n<p>PV decidiu n\u00e3o lan\u00e7ar candidatos para deputado estadual<\/p>\n<p>&nbsp;<\/p>\n<p>Ao analisar o pedido de tutela de urg\u00eancia, o magistrado destacou que a conven\u00e7\u00e3o estadual do PV decidiu n\u00e3o lan\u00e7ar candidatos para deputado estadual nas elei\u00e7\u00f5es deste ano. Segundo a decis\u00e3o, a legenda optou por concentrar sua participa\u00e7\u00e3o eleitoral na disputa por vagas na C\u00e2mara dos Deputados.<\/p>\n<p>&nbsp;<\/p>\n<p>A discord\u00e2ncia de Flamarion Amaral em rela\u00e7\u00e3o \u00e0 decis\u00e3o foi registrada na ata da reuni\u00e3o. No entanto, a Justi\u00e7a Eleitoral considerou que a escolha sobre quais cargos e candidatos ser\u00e3o lan\u00e7ados est\u00e1 inserida na autonomia interna dos partidos.<\/p>\n<p>&nbsp;<\/p>\n<p>O relator tamb\u00e9m ressaltou que a participa\u00e7\u00e3o do PV na Federa\u00e7\u00e3o Brasil da Esperan\u00e7a n\u00e3o elimina a autonomia da legenda para definir seus candidatos.<\/p>\n<p>&nbsp;<\/p>\n<p>Dessa forma, segundo o entendimento apresentado na decis\u00e3o, a federa\u00e7\u00e3o n\u00e3o poderia impor candidaturas que tenham sido rejeitadas pela pr\u00f3pria conven\u00e7\u00e3o partid\u00e1ria.<\/p>\n<p>&nbsp;<\/p>\n<p>Com o indeferimento da liminar, permanece v\u00e1lida a decis\u00e3o interna que retirou os dois nomes da disputa proporcional pelo PV, sem preju\u00edzo de eventual an\u00e1lise posterior do m\u00e9rito da quest\u00e3o pela Justi\u00e7a Eleitoral.<\/p>\n","protected":false},"excerpt":{"rendered":"<p>&nbsp; O Tribunal Regional Eleitoral do Maranh\u00e3o (TRE-MA) manteve a decis\u00e3o da Federa\u00e7\u00e3o Brasil da Esperan\u00e7a e negou o pedido de liminar apresentado por Flamarion Amaral, irm\u00e3o do prefeito Rildo Amaral, e Jacimar Dias de Sousa Jovencio. Os dois buscavam garantir espa\u00e7o na disputa por uma vaga na Assembleia Legislativa do Maranh\u00e3o pelo Partido Verde [&hellip;]<\/p>\n","protected":false},"author":1,"featured_media":0,"comment_status":"open","ping_status":"open","sticky":false,"template":"","format":"standard","meta":{"footnotes":""},"categories":[1],"tags":[],"yst_prominent_words":[],"class_list":["post-5507","post","type-post","status-publish","format-standard","hentry","category-noticia-geral"],"_links":{"self":[{"href":"https:\/\/blogomorangodonordeste.com.br\/index.php\/wp-json\/wp\/v2\/posts\/5507","targetHints":{"allow":["GET"]}}],"collection":[{"href":"https:\/\/blogomorangodonordeste.com.br\/index.php\/wp-json\/wp\/v2\/posts"}],"about":[{"href":"https:\/\/blogomorangodonordeste.com.br\/index.php\/wp-json\/wp\/v2\/types\/post"}],"author":[{"embeddable":true,"href":"https:\/\/blogomorangodonordeste.com.br\/index.php\/wp-json\/wp\/v2\/users\/1"}],"replies":[{"embeddable":true,"href":"https:\/\/blogomorangodonordeste.com.br\/index.php\/wp-json\/wp\/v2\/comments?post=5507"}],"version-history":[{"count":1,"href":"https:\/\/blogomorangodonordeste.com.br\/index.php\/wp-json\/wp\/v2\/posts\/5507\/revisions"}],"predecessor-version":[{"id":5509,"href":"https:\/\/blogomorangodonordeste.com.br\/index.php\/wp-json\/wp\/v2\/posts\/5507\/revisions\/5509"}],"wp:attachment":[{"href":"https:\/\/blogomorangodonordeste.com.br\/index.php\/wp-json\/wp\/v2\/media?parent=5507"}],"wp:term":[{"taxonomy":"category","embeddable":true,"href":"https:\/\/blogomorangodonordeste.com.br\/index.php\/wp-json\/wp\/v2\/categories?post=5507"},{"taxonomy":"post_tag","embeddable":true,"href":"https:\/\/blogomorangodonordeste.com.br\/index.php\/wp-json\/wp\/v2\/tags?post=5507"},{"taxonomy":"yst_prominent_words","embeddable":true,"href":"https:\/\/blogomorangodonordeste.com.br\/index.php\/wp-json\/wp\/v2\/yst_prominent_words?post=5507"}],"curies":[{"name":"wp","href":"https:\/\/api.w.org\/{rel}","templated":true}]}}