{"id":4359,"date":"2026-05-03T11:59:17","date_gmt":"2026-05-03T14:59:17","guid":{"rendered":"https:\/\/blogomorangodonordeste.com.br\/?p=4359"},"modified":"2026-05-03T11:59:17","modified_gmt":"2026-05-03T14:59:17","slug":"orleans-brandao-participa-da-comemoracao-dos-49-anos-do-coroadinho","status":"publish","type":"post","link":"https:\/\/blogomorangodonordeste.com.br\/index.php\/2026\/05\/03\/orleans-brandao-participa-da-comemoracao-dos-49-anos-do-coroadinho\/","title":{"rendered":"Orleans Brand\u00e3o participa da comemora\u00e7\u00e3o dos 49 anos do Coroadinho*"},"content":{"rendered":"<p><img loading=\"lazy\" decoding=\"async\" class=\"alignnone size-full wp-image-4360\" src=\"https:\/\/blogomorangodonordeste.com.br\/wp-content\/uploads\/2026\/05\/IMG-20260503-WA0102.jpg\" alt=\"\" width=\"1280\" height=\"854\" srcset=\"https:\/\/blogomorangodonordeste.com.br\/wp-content\/uploads\/2026\/05\/IMG-20260503-WA0102.jpg 1280w, https:\/\/blogomorangodonordeste.com.br\/wp-content\/uploads\/2026\/05\/IMG-20260503-WA0102-300x200.jpg 300w, https:\/\/blogomorangodonordeste.com.br\/wp-content\/uploads\/2026\/05\/IMG-20260503-WA0102-1024x683.jpg 1024w, https:\/\/blogomorangodonordeste.com.br\/wp-content\/uploads\/2026\/05\/IMG-20260503-WA0102-768x512.jpg 768w, https:\/\/blogomorangodonordeste.com.br\/wp-content\/uploads\/2026\/05\/IMG-20260503-WA0102-150x100.jpg 150w\" sizes=\"auto, (max-width: 1280px) 100vw, 1280px\" \/> <img loading=\"lazy\" decoding=\"async\" class=\"alignnone size-full wp-image-4361\" src=\"https:\/\/blogomorangodonordeste.com.br\/wp-content\/uploads\/2026\/05\/IMG-20260503-WA0100.jpg\" alt=\"\" width=\"1280\" height=\"854\" srcset=\"https:\/\/blogomorangodonordeste.com.br\/wp-content\/uploads\/2026\/05\/IMG-20260503-WA0100.jpg 1280w, https:\/\/blogomorangodonordeste.com.br\/wp-content\/uploads\/2026\/05\/IMG-20260503-WA0100-300x200.jpg 300w, https:\/\/blogomorangodonordeste.com.br\/wp-content\/uploads\/2026\/05\/IMG-20260503-WA0100-1024x683.jpg 1024w, https:\/\/blogomorangodonordeste.com.br\/wp-content\/uploads\/2026\/05\/IMG-20260503-WA0100-768x512.jpg 768w, https:\/\/blogomorangodonordeste.com.br\/wp-content\/uploads\/2026\/05\/IMG-20260503-WA0100-150x100.jpg 150w\" sizes=\"auto, (max-width: 1280px) 100vw, 1280px\" \/><\/p>\n<p>&nbsp;<\/p>\n<p>O pr\u00e9-candidato a governador Orleans Brand\u00e3o participou neste s\u00e1bado (2) da abertura da programa\u00e7\u00e3o festiva em comemora\u00e7\u00e3o aos 49 anos de funda\u00e7\u00e3o do bairro Coroadinho, reafirmando o apoio a iniciativas que promovem a cultura, o entretenimento e a gera\u00e7\u00e3o de renda em S\u00e3o Lu\u00eds. Atendendo a convite do vereador Nato J\u00fanior, organizador da festa, ele foi recebido com muito carinho pelos moradores.<\/p>\n<p>&nbsp;<\/p>\n<p>\u201cH\u00e1 quatro anos estabelecemos essa parceria com o vereador Nato J\u00fanior, que tem sido um gigante como representante do Coroadinho e sempre contou com o apoio do governo Brand\u00e3o. Al\u00e9m de oferecer entretenimento \u00e0 comunidade, essa festa tamb\u00e9m gera renda para dezenas de pessoas que v\u00eam aqui comercializar seus produtos e oferecer servi\u00e7os. Viemos parabenizar esse bairro de gente trabalhadora, que sempre nos recebe com muito carinho, e ficamos felizes em ver a movimenta\u00e7\u00e3o financeira que esse evento gera\u201d, declarou Orleans Brand\u00e3o.<\/p>\n<p>&nbsp;<\/p>\n<p>A comemora\u00e7\u00e3o do 49\u00ba anivers\u00e1rio do Coroadinho acontece na pra\u00e7a do Viva Coroadinho, com programa\u00e7\u00e3o evang\u00e9lica no s\u00e1bado e show com Silvano Sales no domingo. Organizador das festividades, o vereador Nato J\u00fanior fez quest\u00e3o de agradecer a todos que confiaram em seu trabalho e s\u00e3o parceiros na constru\u00e7\u00e3o de benef\u00edcios para a sua comunidade.<\/p>\n<p>&nbsp;<\/p>\n<p>\u201cA minha gratid\u00e3o ao meu Coroadinho e a todos os parceiros que sempre estiveram conosco nessa caminhada. E Orleans tem sido um grande parceiro do nosso mandato, por isso o nosso carinho por ele, que mais uma vez esteve aqui presente em nosso bairro\u201d, destacou Nato J\u00fanior.<\/p>\n","protected":false},"excerpt":{"rendered":"<p>&nbsp; O pr\u00e9-candidato a governador Orleans Brand\u00e3o participou neste s\u00e1bado (2) da abertura da programa\u00e7\u00e3o festiva em comemora\u00e7\u00e3o aos 49 anos de funda\u00e7\u00e3o do bairro Coroadinho, reafirmando o apoio a iniciativas que promovem a cultura, o entretenimento e a gera\u00e7\u00e3o de renda em S\u00e3o Lu\u00eds. Atendendo a convite do vereador Nato J\u00fanior, organizador da festa, [&hellip;]<\/p>\n","protected":false},"author":1,"featured_media":0,"comment_status":"open","ping_status":"open","sticky":false,"template":"","format":"standard","meta":{"footnotes":""},"categories":[1],"tags":[],"yst_prominent_words":[],"class_list":["post-4359","post","type-post","status-publish","format-standard","hentry","category-noticia-geral"],"_links":{"self":[{"href":"https:\/\/blogomorangodonordeste.com.br\/index.php\/wp-json\/wp\/v2\/posts\/4359","targetHints":{"allow":["GET"]}}],"collection":[{"href":"https:\/\/blogomorangodonordeste.com.br\/index.php\/wp-json\/wp\/v2\/posts"}],"about":[{"href":"https:\/\/blogomorangodonordeste.com.br\/index.php\/wp-json\/wp\/v2\/types\/post"}],"author":[{"embeddable":true,"href":"https:\/\/blogomorangodonordeste.com.br\/index.php\/wp-json\/wp\/v2\/users\/1"}],"replies":[{"embeddable":true,"href":"https:\/\/blogomorangodonordeste.com.br\/index.php\/wp-json\/wp\/v2\/comments?post=4359"}],"version-history":[{"count":1,"href":"https:\/\/blogomorangodonordeste.com.br\/index.php\/wp-json\/wp\/v2\/posts\/4359\/revisions"}],"predecessor-version":[{"id":4362,"href":"https:\/\/blogomorangodonordeste.com.br\/index.php\/wp-json\/wp\/v2\/posts\/4359\/revisions\/4362"}],"wp:attachment":[{"href":"https:\/\/blogomorangodonordeste.com.br\/index.php\/wp-json\/wp\/v2\/media?parent=4359"}],"wp:term":[{"taxonomy":"category","embeddable":true,"href":"https:\/\/blogomorangodonordeste.com.br\/index.php\/wp-json\/wp\/v2\/categories?post=4359"},{"taxonomy":"post_tag","embeddable":true,"href":"https:\/\/blogomorangodonordeste.com.br\/index.php\/wp-json\/wp\/v2\/tags?post=4359"},{"taxonomy":"yst_prominent_words","embeddable":true,"href":"https:\/\/blogomorangodonordeste.com.br\/index.php\/wp-json\/wp\/v2\/yst_prominent_words?post=4359"}],"curies":[{"name":"wp","href":"https:\/\/api.w.org\/{rel}","templated":true}]}}