{"id":4356,"date":"2026-05-01T16:46:23","date_gmt":"2026-05-01T19:46:23","guid":{"rendered":"https:\/\/blogomorangodonordeste.com.br\/?p=4356"},"modified":"2026-05-01T16:46:23","modified_gmt":"2026-05-01T19:46:23","slug":"lixo-acumulado-em-frente-a-posto-de-saude-gera-queixas-de-moradores-na-liberdade","status":"publish","type":"post","link":"https:\/\/blogomorangodonordeste.com.br\/index.php\/2026\/05\/01\/lixo-acumulado-em-frente-a-posto-de-saude-gera-queixas-de-moradores-na-liberdade\/","title":{"rendered":"Lixo acumulado em frente a posto de sa\u00fade gera queixas de moradores na Liberdade"},"content":{"rendered":"<p><img loading=\"lazy\" decoding=\"async\" class=\"alignnone size-full wp-image-4357\" src=\"https:\/\/blogomorangodonordeste.com.br\/wp-content\/uploads\/2026\/05\/IMG-20260501-WA0223.jpg\" alt=\"\" width=\"729\" height=\"398\" srcset=\"https:\/\/blogomorangodonordeste.com.br\/wp-content\/uploads\/2026\/05\/IMG-20260501-WA0223.jpg 729w, https:\/\/blogomorangodonordeste.com.br\/wp-content\/uploads\/2026\/05\/IMG-20260501-WA0223-300x164.jpg 300w\" sizes=\"auto, (max-width: 729px) 100vw, 729px\" \/><\/p>\n<p>&nbsp;<\/p>\n<p>Sacos de lixo acumulados na cal\u00e7ada de um posto de sa\u00fade na rua Machado de Assis, no bairro Liberdade, em S\u00e3o Lu\u00eds, t\u00eam provocado reclama\u00e7\u00f5es de moradores e usu\u00e1rios da unidade. Imagens registradas na manh\u00e3 desta sexta-feira (1\u00ba) mostram res\u00edduos espalhados pelo local.<\/p>\n<p>&nbsp;<\/p>\n<p>Segundo relatos, o ac\u00famulo de lixo tem causado mau cheiro e desconforto para quem precisa passar pela \u00e1rea ou buscar atendimento na unidade de sa\u00fade. A popula\u00e7\u00e3o cobra a regulariza\u00e7\u00e3o da coleta e a limpeza do trecho.<\/p>\n<p>&nbsp;<\/p>\n<ul>\n<li>Outro problema apontado \u00e9 a presen\u00e7a de animais que rasgam os sacos deixados na cal\u00e7ada, espalhando ainda mais a sujeira. A situa\u00e7\u00e3o dificulta a circula\u00e7\u00e3o de pedestres e aumenta a preocupa\u00e7\u00e3o com as condi\u00e7\u00f5es de higiene em um espa\u00e7o que deveria prezar pela sa\u00fade p\u00fablica.<\/li>\n<\/ul>\n","protected":false},"excerpt":{"rendered":"<p>&nbsp; Sacos de lixo acumulados na cal\u00e7ada de um posto de sa\u00fade na rua Machado de Assis, no bairro Liberdade, em S\u00e3o Lu\u00eds, t\u00eam provocado reclama\u00e7\u00f5es de moradores e usu\u00e1rios da unidade. Imagens registradas na manh\u00e3 desta sexta-feira (1\u00ba) mostram res\u00edduos espalhados pelo local. &nbsp; Segundo relatos, o ac\u00famulo de lixo tem causado mau cheiro [&hellip;]<\/p>\n","protected":false},"author":1,"featured_media":0,"comment_status":"open","ping_status":"open","sticky":false,"template":"","format":"standard","meta":{"footnotes":""},"categories":[1],"tags":[],"yst_prominent_words":[],"class_list":["post-4356","post","type-post","status-publish","format-standard","hentry","category-noticia-geral"],"_links":{"self":[{"href":"https:\/\/blogomorangodonordeste.com.br\/index.php\/wp-json\/wp\/v2\/posts\/4356","targetHints":{"allow":["GET"]}}],"collection":[{"href":"https:\/\/blogomorangodonordeste.com.br\/index.php\/wp-json\/wp\/v2\/posts"}],"about":[{"href":"https:\/\/blogomorangodonordeste.com.br\/index.php\/wp-json\/wp\/v2\/types\/post"}],"author":[{"embeddable":true,"href":"https:\/\/blogomorangodonordeste.com.br\/index.php\/wp-json\/wp\/v2\/users\/1"}],"replies":[{"embeddable":true,"href":"https:\/\/blogomorangodonordeste.com.br\/index.php\/wp-json\/wp\/v2\/comments?post=4356"}],"version-history":[{"count":1,"href":"https:\/\/blogomorangodonordeste.com.br\/index.php\/wp-json\/wp\/v2\/posts\/4356\/revisions"}],"predecessor-version":[{"id":4358,"href":"https:\/\/blogomorangodonordeste.com.br\/index.php\/wp-json\/wp\/v2\/posts\/4356\/revisions\/4358"}],"wp:attachment":[{"href":"https:\/\/blogomorangodonordeste.com.br\/index.php\/wp-json\/wp\/v2\/media?parent=4356"}],"wp:term":[{"taxonomy":"category","embeddable":true,"href":"https:\/\/blogomorangodonordeste.com.br\/index.php\/wp-json\/wp\/v2\/categories?post=4356"},{"taxonomy":"post_tag","embeddable":true,"href":"https:\/\/blogomorangodonordeste.com.br\/index.php\/wp-json\/wp\/v2\/tags?post=4356"},{"taxonomy":"yst_prominent_words","embeddable":true,"href":"https:\/\/blogomorangodonordeste.com.br\/index.php\/wp-json\/wp\/v2\/yst_prominent_words?post=4356"}],"curies":[{"name":"wp","href":"https:\/\/api.w.org\/{rel}","templated":true}]}}