{"id":4343,"date":"2026-04-30T15:36:58","date_gmt":"2026-04-30T18:36:58","guid":{"rendered":"https:\/\/blogomorangodonordeste.com.br\/?p=4343"},"modified":"2026-04-30T15:36:58","modified_gmt":"2026-04-30T18:36:58","slug":"senado-rejeita-indicacao-de-jorge-messias-ao-stf-e-impoe-derrota-ao-governo-lula","status":"publish","type":"post","link":"https:\/\/blogomorangodonordeste.com.br\/index.php\/2026\/04\/30\/senado-rejeita-indicacao-de-jorge-messias-ao-stf-e-impoe-derrota-ao-governo-lula\/","title":{"rendered":"Senado rejeita indica\u00e7\u00e3o de Jorge Messias ao STF e imp\u00f5e derrota ao governo Lula"},"content":{"rendered":"<p><img loading=\"lazy\" decoding=\"async\" class=\"alignnone size-full wp-image-4344\" src=\"https:\/\/blogomorangodonordeste.com.br\/wp-content\/uploads\/2026\/04\/IMG-20260430-WA1175.jpg\" alt=\"\" width=\"1000\" height=\"667\" srcset=\"https:\/\/blogomorangodonordeste.com.br\/wp-content\/uploads\/2026\/04\/IMG-20260430-WA1175.jpg 1000w, https:\/\/blogomorangodonordeste.com.br\/wp-content\/uploads\/2026\/04\/IMG-20260430-WA1175-300x200.jpg 300w, https:\/\/blogomorangodonordeste.com.br\/wp-content\/uploads\/2026\/04\/IMG-20260430-WA1175-768x512.jpg 768w, https:\/\/blogomorangodonordeste.com.br\/wp-content\/uploads\/2026\/04\/IMG-20260430-WA1175-150x100.jpg 150w\" sizes=\"auto, (max-width: 1000px) 100vw, 1000px\" \/><\/p>\n<p>&nbsp;<\/p>\n<p>O Senado Federal rejeitou, nesta quarta-feira (29), a indica\u00e7\u00e3o do advogado-geral da Uni\u00e3o Jorge Messias para uma vaga no Supremo Tribunal Federal. Indicado pelo presidente Luiz In\u00e1cio Lula da Silva para substituir o ministro aposentado Lu\u00eds Roberto Barroso, Messias n\u00e3o alcan\u00e7ou o n\u00famero m\u00ednimo de votos necess\u00e1rios para aprova\u00e7\u00e3o.<\/p>\n<p>&nbsp;<\/p>\n<p>Apesar de ter recebido aval da Comiss\u00e3o de Constitui\u00e7\u00e3o e Justi\u00e7a (CCJ), com 16 votos favor\u00e1veis e 11 contr\u00e1rios, o nome foi derrotado no plen\u00e1rio em vota\u00e7\u00e3o secreta. O placar final registrou 42 votos contr\u00e1rios, 34 favor\u00e1veis e uma absten\u00e7\u00e3o.<\/p>\n<p>&nbsp;<\/p>\n<p>Pela Constitui\u00e7\u00e3o, ministros do STF s\u00f3 podem assumir o cargo ap\u00f3s aprova\u00e7\u00e3o da maioria absoluta do Senado, ou seja, ao menos 41 votos favor\u00e1veis entre os 81 parlamentares \u2014 n\u00famero que n\u00e3o foi atingido.<\/p>\n<p>&nbsp;<\/p>\n<p>Com a rejei\u00e7\u00e3o, o governo federal ter\u00e1 que reiniciar o processo de indica\u00e7\u00e3o para a vaga na Corte. Caber\u00e1 novamente ao presidente indicar um novo nome, que passar\u00e1 por sabatina na CCJ e nova vota\u00e7\u00e3o no plen\u00e1rio.<\/p>\n<p>&nbsp;<\/p>\n<p>A derrota representa um rev\u00e9s pol\u00edtico para o Pal\u00e1cio do Planalto e evidencia dificuldades na articula\u00e7\u00e3o do governo dentro do Senado. Nos bastidores, a indica\u00e7\u00e3o enfrentou resist\u00eancia n\u00e3o apenas da oposi\u00e7\u00e3o, mas tamb\u00e9m de setores da base aliada.<\/p>\n<p>&nbsp;<\/p>\n<p>Enquanto um novo nome n\u00e3o \u00e9 aprovado, a vaga no STF permanece aberta, o que pode impactar a din\u00e2mica de julgamentos e a distribui\u00e7\u00e3o de processos na Corte. O epis\u00f3dio \u00e9 considerado raro na hist\u00f3ria pol\u00edtica brasileira, j\u00e1 que rejei\u00e7\u00f5es desse tipo s\u00e3o incomuns no pa\u00eds.<\/p>\n","protected":false},"excerpt":{"rendered":"<p>&nbsp; O Senado Federal rejeitou, nesta quarta-feira (29), a indica\u00e7\u00e3o do advogado-geral da Uni\u00e3o Jorge Messias para uma vaga no Supremo Tribunal Federal. Indicado pelo presidente Luiz In\u00e1cio Lula da Silva para substituir o ministro aposentado Lu\u00eds Roberto Barroso, Messias n\u00e3o alcan\u00e7ou o n\u00famero m\u00ednimo de votos necess\u00e1rios para aprova\u00e7\u00e3o. &nbsp; Apesar de ter recebido [&hellip;]<\/p>\n","protected":false},"author":1,"featured_media":0,"comment_status":"open","ping_status":"open","sticky":false,"template":"","format":"standard","meta":{"footnotes":""},"categories":[1],"tags":[],"yst_prominent_words":[],"class_list":["post-4343","post","type-post","status-publish","format-standard","hentry","category-noticia-geral"],"_links":{"self":[{"href":"https:\/\/blogomorangodonordeste.com.br\/index.php\/wp-json\/wp\/v2\/posts\/4343","targetHints":{"allow":["GET"]}}],"collection":[{"href":"https:\/\/blogomorangodonordeste.com.br\/index.php\/wp-json\/wp\/v2\/posts"}],"about":[{"href":"https:\/\/blogomorangodonordeste.com.br\/index.php\/wp-json\/wp\/v2\/types\/post"}],"author":[{"embeddable":true,"href":"https:\/\/blogomorangodonordeste.com.br\/index.php\/wp-json\/wp\/v2\/users\/1"}],"replies":[{"embeddable":true,"href":"https:\/\/blogomorangodonordeste.com.br\/index.php\/wp-json\/wp\/v2\/comments?post=4343"}],"version-history":[{"count":1,"href":"https:\/\/blogomorangodonordeste.com.br\/index.php\/wp-json\/wp\/v2\/posts\/4343\/revisions"}],"predecessor-version":[{"id":4345,"href":"https:\/\/blogomorangodonordeste.com.br\/index.php\/wp-json\/wp\/v2\/posts\/4343\/revisions\/4345"}],"wp:attachment":[{"href":"https:\/\/blogomorangodonordeste.com.br\/index.php\/wp-json\/wp\/v2\/media?parent=4343"}],"wp:term":[{"taxonomy":"category","embeddable":true,"href":"https:\/\/blogomorangodonordeste.com.br\/index.php\/wp-json\/wp\/v2\/categories?post=4343"},{"taxonomy":"post_tag","embeddable":true,"href":"https:\/\/blogomorangodonordeste.com.br\/index.php\/wp-json\/wp\/v2\/tags?post=4343"},{"taxonomy":"yst_prominent_words","embeddable":true,"href":"https:\/\/blogomorangodonordeste.com.br\/index.php\/wp-json\/wp\/v2\/yst_prominent_words?post=4343"}],"curies":[{"name":"wp","href":"https:\/\/api.w.org\/{rel}","templated":true}]}}