{"id":4337,"date":"2026-04-30T11:41:29","date_gmt":"2026-04-30T14:41:29","guid":{"rendered":"https:\/\/blogomorangodonordeste.com.br\/?p=4337"},"modified":"2026-04-30T11:41:29","modified_gmt":"2026-04-30T14:41:29","slug":"em-grajau-orleans-brandao-reforca-parcerias-destaca-obras-executadas-e-amplia-articulacao-politica-no-municipio","status":"publish","type":"post","link":"https:\/\/blogomorangodonordeste.com.br\/index.php\/2026\/04\/30\/em-grajau-orleans-brandao-reforca-parcerias-destaca-obras-executadas-e-amplia-articulacao-politica-no-municipio\/","title":{"rendered":"Em Graja\u00fa, Orleans Brand\u00e3o refor\u00e7a parcerias, destaca obras executadas e amplia articula\u00e7\u00e3o pol\u00edtica no munic\u00edpio"},"content":{"rendered":"<p><img loading=\"lazy\" decoding=\"async\" class=\"alignnone size-full wp-image-4339\" src=\"https:\/\/blogomorangodonordeste.com.br\/wp-content\/uploads\/2026\/04\/IMG-20260430-WA0258-1-scaled.jpg\" alt=\"\" width=\"2560\" height=\"1707\" srcset=\"https:\/\/blogomorangodonordeste.com.br\/wp-content\/uploads\/2026\/04\/IMG-20260430-WA0258-1-scaled.jpg 2560w, https:\/\/blogomorangodonordeste.com.br\/wp-content\/uploads\/2026\/04\/IMG-20260430-WA0258-1-300x200.jpg 300w, https:\/\/blogomorangodonordeste.com.br\/wp-content\/uploads\/2026\/04\/IMG-20260430-WA0258-1-1024x683.jpg 1024w, https:\/\/blogomorangodonordeste.com.br\/wp-content\/uploads\/2026\/04\/IMG-20260430-WA0258-1-768x512.jpg 768w, https:\/\/blogomorangodonordeste.com.br\/wp-content\/uploads\/2026\/04\/IMG-20260430-WA0258-1-1536x1024.jpg 1536w, https:\/\/blogomorangodonordeste.com.br\/wp-content\/uploads\/2026\/04\/IMG-20260430-WA0258-1-2048x1366.jpg 2048w, https:\/\/blogomorangodonordeste.com.br\/wp-content\/uploads\/2026\/04\/IMG-20260430-WA0258-1-150x100.jpg 150w\" sizes=\"auto, (max-width: 2560px) 100vw, 2560px\" \/> <img loading=\"lazy\" decoding=\"async\" class=\"alignnone size-full wp-image-4340\" src=\"https:\/\/blogomorangodonordeste.com.br\/wp-content\/uploads\/2026\/04\/IMG-20260430-WA0259-scaled.jpg\" alt=\"\" width=\"2560\" height=\"1707\" srcset=\"https:\/\/blogomorangodonordeste.com.br\/wp-content\/uploads\/2026\/04\/IMG-20260430-WA0259-scaled.jpg 2560w, https:\/\/blogomorangodonordeste.com.br\/wp-content\/uploads\/2026\/04\/IMG-20260430-WA0259-300x200.jpg 300w, https:\/\/blogomorangodonordeste.com.br\/wp-content\/uploads\/2026\/04\/IMG-20260430-WA0259-1024x683.jpg 1024w, https:\/\/blogomorangodonordeste.com.br\/wp-content\/uploads\/2026\/04\/IMG-20260430-WA0259-768x512.jpg 768w, https:\/\/blogomorangodonordeste.com.br\/wp-content\/uploads\/2026\/04\/IMG-20260430-WA0259-1536x1024.jpg 1536w, https:\/\/blogomorangodonordeste.com.br\/wp-content\/uploads\/2026\/04\/IMG-20260430-WA0259-2048x1366.jpg 2048w, https:\/\/blogomorangodonordeste.com.br\/wp-content\/uploads\/2026\/04\/IMG-20260430-WA0259-150x100.jpg 150w\" sizes=\"auto, (max-width: 2560px) 100vw, 2560px\" \/> <img loading=\"lazy\" decoding=\"async\" class=\"alignnone size-full wp-image-4341\" src=\"https:\/\/blogomorangodonordeste.com.br\/wp-content\/uploads\/2026\/04\/IMG-20260430-WA0260-scaled.jpg\" alt=\"\" width=\"2560\" height=\"1707\" srcset=\"https:\/\/blogomorangodonordeste.com.br\/wp-content\/uploads\/2026\/04\/IMG-20260430-WA0260-scaled.jpg 2560w, https:\/\/blogomorangodonordeste.com.br\/wp-content\/uploads\/2026\/04\/IMG-20260430-WA0260-300x200.jpg 300w, https:\/\/blogomorangodonordeste.com.br\/wp-content\/uploads\/2026\/04\/IMG-20260430-WA0260-1024x683.jpg 1024w, https:\/\/blogomorangodonordeste.com.br\/wp-content\/uploads\/2026\/04\/IMG-20260430-WA0260-768x512.jpg 768w, https:\/\/blogomorangodonordeste.com.br\/wp-content\/uploads\/2026\/04\/IMG-20260430-WA0260-1536x1024.jpg 1536w, https:\/\/blogomorangodonordeste.com.br\/wp-content\/uploads\/2026\/04\/IMG-20260430-WA0260-2048x1366.jpg 2048w, https:\/\/blogomorangodonordeste.com.br\/wp-content\/uploads\/2026\/04\/IMG-20260430-WA0260-150x100.jpg 150w\" sizes=\"auto, (max-width: 2560px) 100vw, 2560px\" \/><\/p>\n<p>&nbsp;<\/p>\n<p>O pr\u00e9-candidato ao Governo do Maranh\u00e3o, Orleans Brand\u00e3o, participou nesta quarta-feira (29) das celebra\u00e7\u00f5es pelos 215 anos do munic\u00edpio de Graja\u00fa. Na cidade, ele foi recebido pelo prefeito Gilson Guerreiro, que reiterou apoio \u00e0 sua pr\u00e9-candidatura ao governo estadual e refor\u00e7ou a parceria pol\u00edtica e administrativa em favor do desenvolvimento do munic\u00edpio.<\/p>\n<p>&nbsp;<\/p>\n<p>Durante a programa\u00e7\u00e3o, Orleans Brand\u00e3o visitou obras de pavimenta\u00e7\u00e3o asf\u00e1ltica executadas na cidade pelo Governo do Estado e participou do ato de entrega de kits de fardamentos disponibilizados pela gest\u00e3o municipal aos alunos da Escola Le\u00e3o da Silva Figueiredo. Na ocasi\u00e3o, ele congratulou os grajauenses pelos 215 anos do munic\u00edpio e destacou a import\u00e2ncia da cidade para o desenvolvimento do Maranh\u00e3o.<\/p>\n<p>&nbsp;<\/p>\n<p>\u201cS\u00e3o 215 anos de hist\u00f3ria, de luta e de conquistas dessa bela cidade. Um munic\u00edpio rico em cultura, em belezas naturais e, principalmente, de um povo trabalhador que contribui diariamente para o crescimento do nosso estado. Tenho certeza de que, com uni\u00e3o e compromisso, ainda teremos muitos avan\u00e7os e dias melhores para todos aqui\u201d, disse.<\/p>\n<p>&nbsp;<\/p>\n<p>Orleans tamb\u00e9m ressaltou o potencial econ\u00f4mico e social de Graja\u00fa, destacando a for\u00e7a do polo gesseiro, da agricultura e da pecu\u00e1ria. Ele tamb\u00e9m lembrou avan\u00e7os na \u00e1rea da sa\u00fade, como a implanta\u00e7\u00e3o do servi\u00e7o de hemodi\u00e1lise no munic\u00edpio, iniciativa do governo estadual que acabou definitivamente com o deslocamentos de pacientes para outras cidades.<\/p>\n<p>&nbsp;<\/p>\n<p>Citou ainda a\u00e7\u00f5es estruturantes realizadas na regi\u00e3o, como a reforma de hospitais, a requalifica\u00e7\u00e3o da MA-006 e obras de pavimenta\u00e7\u00e3o, enfatizando a parceria com a gest\u00e3o municipal. Ao agradecer o apoio do prefeito Gilson Guerreiro, ele destacou o bom di\u00e1logo que sempre mantiveram para viabilizar esses investimentos.<\/p>\n<p>&nbsp;<\/p>\n<p>Por fim, Orleans refor\u00e7ou o compromisso de ampliar as a\u00e7\u00f5es que v\u00eam sendo realizadas pelo Estado, afirmando que, embora j\u00e1 tenham sido registrados avan\u00e7os importantes, ainda h\u00e1 muito a ser feito para a popula\u00e7\u00e3o de Graja\u00fa.<\/p>\n<p>&nbsp;<\/p>\n<p>Gilson Guerreiro destacou a facilidade de interlocu\u00e7\u00e3o e o compromisso que Orleans sempre teve quando \u00e0 frente da Secretaria de Assuntos Municipalistas. Ele reiterou seu apoio \u00e0 pr\u00e9-candidatura de Orleans e reafirmou o compromisso de seguirem juntos enfrentando desafios hist\u00f3ricos do munic\u00edpio.<\/p>\n<p>&nbsp;<\/p>\n<p>\u201cAvan\u00e7amos com conquistas importantes, como a regulariza\u00e7\u00e3o fundi\u00e1ria, por exemplo, e seguiremos firmes no compromisso de garantir mais melhorias para a nossa cidade\u201d, afirmou Guerreiro.<\/p>\n","protected":false},"excerpt":{"rendered":"<p>&nbsp; O pr\u00e9-candidato ao Governo do Maranh\u00e3o, Orleans Brand\u00e3o, participou nesta quarta-feira (29) das celebra\u00e7\u00f5es pelos 215 anos do munic\u00edpio de Graja\u00fa. Na cidade, ele foi recebido pelo prefeito Gilson Guerreiro, que reiterou apoio \u00e0 sua pr\u00e9-candidatura ao governo estadual e refor\u00e7ou a parceria pol\u00edtica e administrativa em favor do desenvolvimento do munic\u00edpio. &nbsp; Durante [&hellip;]<\/p>\n","protected":false},"author":1,"featured_media":0,"comment_status":"open","ping_status":"open","sticky":false,"template":"","format":"standard","meta":{"footnotes":""},"categories":[1],"tags":[],"yst_prominent_words":[],"class_list":["post-4337","post","type-post","status-publish","format-standard","hentry","category-noticia-geral"],"_links":{"self":[{"href":"https:\/\/blogomorangodonordeste.com.br\/index.php\/wp-json\/wp\/v2\/posts\/4337","targetHints":{"allow":["GET"]}}],"collection":[{"href":"https:\/\/blogomorangodonordeste.com.br\/index.php\/wp-json\/wp\/v2\/posts"}],"about":[{"href":"https:\/\/blogomorangodonordeste.com.br\/index.php\/wp-json\/wp\/v2\/types\/post"}],"author":[{"embeddable":true,"href":"https:\/\/blogomorangodonordeste.com.br\/index.php\/wp-json\/wp\/v2\/users\/1"}],"replies":[{"embeddable":true,"href":"https:\/\/blogomorangodonordeste.com.br\/index.php\/wp-json\/wp\/v2\/comments?post=4337"}],"version-history":[{"count":1,"href":"https:\/\/blogomorangodonordeste.com.br\/index.php\/wp-json\/wp\/v2\/posts\/4337\/revisions"}],"predecessor-version":[{"id":4342,"href":"https:\/\/blogomorangodonordeste.com.br\/index.php\/wp-json\/wp\/v2\/posts\/4337\/revisions\/4342"}],"wp:attachment":[{"href":"https:\/\/blogomorangodonordeste.com.br\/index.php\/wp-json\/wp\/v2\/media?parent=4337"}],"wp:term":[{"taxonomy":"category","embeddable":true,"href":"https:\/\/blogomorangodonordeste.com.br\/index.php\/wp-json\/wp\/v2\/categories?post=4337"},{"taxonomy":"post_tag","embeddable":true,"href":"https:\/\/blogomorangodonordeste.com.br\/index.php\/wp-json\/wp\/v2\/tags?post=4337"},{"taxonomy":"yst_prominent_words","embeddable":true,"href":"https:\/\/blogomorangodonordeste.com.br\/index.php\/wp-json\/wp\/v2\/yst_prominent_words?post=4337"}],"curies":[{"name":"wp","href":"https:\/\/api.w.org\/{rel}","templated":true}]}}