{"id":4329,"date":"2026-04-29T13:31:14","date_gmt":"2026-04-29T16:31:14","guid":{"rendered":"https:\/\/blogomorangodonordeste.com.br\/?p=4329"},"modified":"2026-04-29T13:31:14","modified_gmt":"2026-04-29T16:31:14","slug":"brandao-recebe-prefeitos-no-palacio-dos-leoes-e-anuncia-acoes-para-municipios","status":"publish","type":"post","link":"https:\/\/blogomorangodonordeste.com.br\/index.php\/2026\/04\/29\/brandao-recebe-prefeitos-no-palacio-dos-leoes-e-anuncia-acoes-para-municipios\/","title":{"rendered":"Brand\u00e3o recebe prefeitos no Pal\u00e1cio dos Le\u00f5es e anuncia a\u00e7\u00f5es para munic\u00edpios"},"content":{"rendered":"<p><img loading=\"lazy\" decoding=\"async\" class=\"alignnone size-full wp-image-4330\" src=\"https:\/\/blogomorangodonordeste.com.br\/wp-content\/uploads\/2026\/04\/IMG-20260429-WA0244.jpg\" alt=\"\" width=\"1600\" height=\"1066\" srcset=\"https:\/\/blogomorangodonordeste.com.br\/wp-content\/uploads\/2026\/04\/IMG-20260429-WA0244.jpg 1600w, https:\/\/blogomorangodonordeste.com.br\/wp-content\/uploads\/2026\/04\/IMG-20260429-WA0244-300x200.jpg 300w, https:\/\/blogomorangodonordeste.com.br\/wp-content\/uploads\/2026\/04\/IMG-20260429-WA0244-1024x682.jpg 1024w, https:\/\/blogomorangodonordeste.com.br\/wp-content\/uploads\/2026\/04\/IMG-20260429-WA0244-768x512.jpg 768w, https:\/\/blogomorangodonordeste.com.br\/wp-content\/uploads\/2026\/04\/IMG-20260429-WA0244-1536x1023.jpg 1536w, https:\/\/blogomorangodonordeste.com.br\/wp-content\/uploads\/2026\/04\/IMG-20260429-WA0244-150x100.jpg 150w\" sizes=\"auto, (max-width: 1600px) 100vw, 1600px\" \/><\/p>\n<p>&nbsp;<\/p>\n<p>O governador Carlos Brand\u00e3o recebeu, nesta ter\u00e7a-feira (28), seis prefeitos maranhenses no Pal\u00e1cio dos Le\u00f5es, em S\u00e3o Lu\u00eds, dando continuidade \u00e0 agenda de di\u00e1logo direto com gestores municipais. Durante os encontros, tamb\u00e9m foram entregues ambul\u00e2ncias para refor\u00e7ar a rede de sa\u00fade no interior do estado.<\/p>\n<p>&nbsp;<\/p>\n<p>Segundo o governador, a iniciativa faz parte de uma estrat\u00e9gia de escuta ativa das demandas locais e de encaminhamento de obras e investimentos. Ele destacou que j\u00e1 recebeu cerca de 200 gestores municipais ao longo dessa agenda.<\/p>\n<p>&nbsp;<\/p>\n<p>Entre os participantes, a prefeita Raimunda do Josemar ressaltou a expectativa de avan\u00e7os em projetos importantes, como a constru\u00e7\u00e3o de uma ponte ligando Fernando Falc\u00e3o a Mirador, al\u00e9m de obras de pavimenta\u00e7\u00e3o e investimentos em servi\u00e7os.<\/p>\n<p>&nbsp;<\/p>\n<p>O prefeito Z\u00e9 Augusto avaliou a reuni\u00e3o como positiva, enquanto a prefeita Deusinha destacou a import\u00e2ncia do di\u00e1logo para viabilizar demandas do munic\u00edpio.<\/p>\n<p>&nbsp;<\/p>\n<p>Tamb\u00e9m participaram da agenda os prefeitos J\u00fanior Xavier, Marcony Santos e Besaliel Albuquerque, que refor\u00e7aram a expectativa de melhorias a partir das pautas apresentadas.<\/p>\n<p>&nbsp;<\/p>\n<p>A s\u00e9rie de encontros integra a estrat\u00e9gia do governo estadual de ampliar a articula\u00e7\u00e3o com os munic\u00edpios e acelerar a execu\u00e7\u00e3o de a\u00e7\u00f5es em diferentes regi\u00f5es do Maranh\u00e3o.<\/p>\n","protected":false},"excerpt":{"rendered":"<p>&nbsp; O governador Carlos Brand\u00e3o recebeu, nesta ter\u00e7a-feira (28), seis prefeitos maranhenses no Pal\u00e1cio dos Le\u00f5es, em S\u00e3o Lu\u00eds, dando continuidade \u00e0 agenda de di\u00e1logo direto com gestores municipais. Durante os encontros, tamb\u00e9m foram entregues ambul\u00e2ncias para refor\u00e7ar a rede de sa\u00fade no interior do estado. &nbsp; Segundo o governador, a iniciativa faz parte de [&hellip;]<\/p>\n","protected":false},"author":1,"featured_media":0,"comment_status":"open","ping_status":"open","sticky":false,"template":"","format":"standard","meta":{"footnotes":""},"categories":[1],"tags":[],"yst_prominent_words":[],"class_list":["post-4329","post","type-post","status-publish","format-standard","hentry","category-noticia-geral"],"_links":{"self":[{"href":"https:\/\/blogomorangodonordeste.com.br\/index.php\/wp-json\/wp\/v2\/posts\/4329","targetHints":{"allow":["GET"]}}],"collection":[{"href":"https:\/\/blogomorangodonordeste.com.br\/index.php\/wp-json\/wp\/v2\/posts"}],"about":[{"href":"https:\/\/blogomorangodonordeste.com.br\/index.php\/wp-json\/wp\/v2\/types\/post"}],"author":[{"embeddable":true,"href":"https:\/\/blogomorangodonordeste.com.br\/index.php\/wp-json\/wp\/v2\/users\/1"}],"replies":[{"embeddable":true,"href":"https:\/\/blogomorangodonordeste.com.br\/index.php\/wp-json\/wp\/v2\/comments?post=4329"}],"version-history":[{"count":1,"href":"https:\/\/blogomorangodonordeste.com.br\/index.php\/wp-json\/wp\/v2\/posts\/4329\/revisions"}],"predecessor-version":[{"id":4331,"href":"https:\/\/blogomorangodonordeste.com.br\/index.php\/wp-json\/wp\/v2\/posts\/4329\/revisions\/4331"}],"wp:attachment":[{"href":"https:\/\/blogomorangodonordeste.com.br\/index.php\/wp-json\/wp\/v2\/media?parent=4329"}],"wp:term":[{"taxonomy":"category","embeddable":true,"href":"https:\/\/blogomorangodonordeste.com.br\/index.php\/wp-json\/wp\/v2\/categories?post=4329"},{"taxonomy":"post_tag","embeddable":true,"href":"https:\/\/blogomorangodonordeste.com.br\/index.php\/wp-json\/wp\/v2\/tags?post=4329"},{"taxonomy":"yst_prominent_words","embeddable":true,"href":"https:\/\/blogomorangodonordeste.com.br\/index.php\/wp-json\/wp\/v2\/yst_prominent_words?post=4329"}],"curies":[{"name":"wp","href":"https:\/\/api.w.org\/{rel}","templated":true}]}}