{"id":4325,"date":"2026-04-29T13:29:35","date_gmt":"2026-04-29T16:29:35","guid":{"rendered":"https:\/\/blogomorangodonordeste.com.br\/?p=4325"},"modified":"2026-04-29T13:29:35","modified_gmt":"2026-04-29T16:29:35","slug":"caos-no-cohatrac-marca-inicio-de-operacao-emergencial-apos-fim-de-contrato-do-transporte","status":"publish","type":"post","link":"https:\/\/blogomorangodonordeste.com.br\/index.php\/2026\/04\/29\/caos-no-cohatrac-marca-inicio-de-operacao-emergencial-apos-fim-de-contrato-do-transporte\/","title":{"rendered":"Caos no Cohatrac marca in\u00edcio de opera\u00e7\u00e3o emergencial ap\u00f3s fim de contrato do transporte"},"content":{"rendered":"<p><img loading=\"lazy\" decoding=\"async\" class=\"alignnone size-full wp-image-4327\" src=\"https:\/\/blogomorangodonordeste.com.br\/wp-content\/uploads\/2026\/04\/IMG-20260429-WA0243-1.jpg\" alt=\"\" width=\"1600\" height=\"900\" srcset=\"https:\/\/blogomorangodonordeste.com.br\/wp-content\/uploads\/2026\/04\/IMG-20260429-WA0243-1.jpg 1600w, https:\/\/blogomorangodonordeste.com.br\/wp-content\/uploads\/2026\/04\/IMG-20260429-WA0243-1-300x169.jpg 300w, https:\/\/blogomorangodonordeste.com.br\/wp-content\/uploads\/2026\/04\/IMG-20260429-WA0243-1-1024x576.jpg 1024w, https:\/\/blogomorangodonordeste.com.br\/wp-content\/uploads\/2026\/04\/IMG-20260429-WA0243-1-768x432.jpg 768w, https:\/\/blogomorangodonordeste.com.br\/wp-content\/uploads\/2026\/04\/IMG-20260429-WA0243-1-1536x864.jpg 1536w\" sizes=\"auto, (max-width: 1600px) 100vw, 1600px\" \/><\/p>\n<p>&nbsp;<\/p>\n<p>Passageiros enfrentaram longas esperas, incerteza nos hor\u00e1rios e \u00f4nibus lotados na manh\u00e3 desta quarta-feira (29) no bairro Cohatrac, em S\u00e3o Lu\u00eds. A situa\u00e7\u00e3o foi registrada principalmente no ponto final do Cohatrac IV, onde usu\u00e1rios relataram desorganiza\u00e7\u00e3o no in\u00edcio da opera\u00e7\u00e3o emergencial do sistema.<\/p>\n<p>&nbsp;<\/p>\n<p>\u201cN\u00e3o d\u00e1 para se programar. Tem que chegar cedo e torcer para passar um \u00f4nibus\u201d, relatou a passageira Juliana, que aguardava transporte no local.<\/p>\n<p>&nbsp;<\/p>\n<p>O cen\u00e1rio ocorre ap\u00f3s a Secretaria Municipal de Tr\u00e2nsito e Transportes declarar a caducidade do contrato com o cons\u00f3rcio respons\u00e1vel por parte das linhas, ap\u00f3s decis\u00e3o judicial que apontou colapso operacional. Com isso, a prefeitura assumiu de forma emergencial as linhas do chamado Lote 2.<\/p>\n<p>&nbsp;<\/p>\n<p>Apesar da interven\u00e7\u00e3o, o primeiro dia foi marcado por falhas. Nem todas as linhas come\u00e7aram a circular no in\u00edcio da manh\u00e3, o que gerou atrasos e superlota\u00e7\u00e3o. Algumas viagens, como a linha Cohatrac\/Rodovi\u00e1ria, at\u00e9 operaram, mas passageiros com destino a regi\u00f5es como o S\u00e3o Francisco precisaram fazer integra\u00e7\u00e3o no Terminal da Cohab, aumentando o tempo de deslocamento.<\/p>\n<p>&nbsp;<\/p>\n<p>Para tentar manter o sistema funcionando, o munic\u00edpio iniciou uma opera\u00e7\u00e3o emergencial que inclui requisi\u00e7\u00e3o de \u00f4nibus, possibilidade de contrata\u00e7\u00e3o tempor\u00e1ria de empresas e prioridade na recontrata\u00e7\u00e3o de trabalhadores do antigo cons\u00f3rcio.<\/p>\n<p>&nbsp;<\/p>\n<p>A medida ocorre em meio a uma crise prolongada no transporte p\u00fablico da capital, marcada por paralisa\u00e7\u00f5es e redu\u00e7\u00e3o de frota. A decis\u00e3o judicial que embasou a mudan\u00e7a destacou que o servi\u00e7o \u00e9 essencial e n\u00e3o pode ser interrompido.<\/p>\n<p>&nbsp;<\/p>\n<p>A prefeitura informou que o sistema seguir\u00e1 sendo monitorado durante essa fase e que uma nova licita\u00e7\u00e3o ser\u00e1 preparada. Enquanto isso, a popula\u00e7\u00e3o continua enfrentando os impactos diretos da transi\u00e7\u00e3o, com atrasos e dificuldade para se deslocar pela cidade.<\/p>\n","protected":false},"excerpt":{"rendered":"<p>&nbsp; Passageiros enfrentaram longas esperas, incerteza nos hor\u00e1rios e \u00f4nibus lotados na manh\u00e3 desta quarta-feira (29) no bairro Cohatrac, em S\u00e3o Lu\u00eds. A situa\u00e7\u00e3o foi registrada principalmente no ponto final do Cohatrac IV, onde usu\u00e1rios relataram desorganiza\u00e7\u00e3o no in\u00edcio da opera\u00e7\u00e3o emergencial do sistema. &nbsp; \u201cN\u00e3o d\u00e1 para se programar. Tem que chegar cedo e [&hellip;]<\/p>\n","protected":false},"author":1,"featured_media":0,"comment_status":"open","ping_status":"open","sticky":false,"template":"","format":"standard","meta":{"footnotes":""},"categories":[1],"tags":[],"yst_prominent_words":[],"class_list":["post-4325","post","type-post","status-publish","format-standard","hentry","category-noticia-geral"],"_links":{"self":[{"href":"https:\/\/blogomorangodonordeste.com.br\/index.php\/wp-json\/wp\/v2\/posts\/4325","targetHints":{"allow":["GET"]}}],"collection":[{"href":"https:\/\/blogomorangodonordeste.com.br\/index.php\/wp-json\/wp\/v2\/posts"}],"about":[{"href":"https:\/\/blogomorangodonordeste.com.br\/index.php\/wp-json\/wp\/v2\/types\/post"}],"author":[{"embeddable":true,"href":"https:\/\/blogomorangodonordeste.com.br\/index.php\/wp-json\/wp\/v2\/users\/1"}],"replies":[{"embeddable":true,"href":"https:\/\/blogomorangodonordeste.com.br\/index.php\/wp-json\/wp\/v2\/comments?post=4325"}],"version-history":[{"count":1,"href":"https:\/\/blogomorangodonordeste.com.br\/index.php\/wp-json\/wp\/v2\/posts\/4325\/revisions"}],"predecessor-version":[{"id":4328,"href":"https:\/\/blogomorangodonordeste.com.br\/index.php\/wp-json\/wp\/v2\/posts\/4325\/revisions\/4328"}],"wp:attachment":[{"href":"https:\/\/blogomorangodonordeste.com.br\/index.php\/wp-json\/wp\/v2\/media?parent=4325"}],"wp:term":[{"taxonomy":"category","embeddable":true,"href":"https:\/\/blogomorangodonordeste.com.br\/index.php\/wp-json\/wp\/v2\/categories?post=4325"},{"taxonomy":"post_tag","embeddable":true,"href":"https:\/\/blogomorangodonordeste.com.br\/index.php\/wp-json\/wp\/v2\/tags?post=4325"},{"taxonomy":"yst_prominent_words","embeddable":true,"href":"https:\/\/blogomorangodonordeste.com.br\/index.php\/wp-json\/wp\/v2\/yst_prominent_words?post=4325"}],"curies":[{"name":"wp","href":"https:\/\/api.w.org\/{rel}","templated":true}]}}