{"id":4316,"date":"2026-04-28T13:11:52","date_gmt":"2026-04-28T16:11:52","guid":{"rendered":"https:\/\/blogomorangodonordeste.com.br\/?p=4316"},"modified":"2026-04-28T13:11:52","modified_gmt":"2026-04-28T16:11:52","slug":"prefeito-de-vitorino-freire-morre-apos-passar-mal-durante-evento","status":"publish","type":"post","link":"https:\/\/blogomorangodonordeste.com.br\/index.php\/2026\/04\/28\/prefeito-de-vitorino-freire-morre-apos-passar-mal-durante-evento\/","title":{"rendered":"Prefeito de Vitorino Freire morre ap\u00f3s passar mal durante evento"},"content":{"rendered":"<p><img loading=\"lazy\" decoding=\"async\" class=\"alignnone size-full wp-image-4317\" src=\"https:\/\/blogomorangodonordeste.com.br\/wp-content\/uploads\/2026\/04\/IMG-20260428-WA1007.jpg\" alt=\"\" width=\"546\" height=\"273\" srcset=\"https:\/\/blogomorangodonordeste.com.br\/wp-content\/uploads\/2026\/04\/IMG-20260428-WA1007.jpg 546w, https:\/\/blogomorangodonordeste.com.br\/wp-content\/uploads\/2026\/04\/IMG-20260428-WA1007-300x150.jpg 300w\" sizes=\"auto, (max-width: 546px) 100vw, 546px\" \/><\/p>\n<p>&nbsp;<\/p>\n<p>O prefeito de Vitorino Freire, Ademar Alves Magalh\u00e3es, morreu na noite de segunda-feira (27), ap\u00f3s passar mal durante um evento da Secretaria Municipal de Educa\u00e7\u00e3o realizado em uma igreja. A informa\u00e7\u00e3o foi confirmada pela prefeitura.<\/p>\n<p>&nbsp;<\/p>\n<p>Conhecido como Fogoi\u00f3, ele tinha 61 anos e estava no primeiro mandato como prefeito. Segundo o Tribunal Superior Eleitoral, foi eleito em 2024 com 62,69% dos votos v\u00e1lidos.<\/p>\n<p>&nbsp;<\/p>\n<p>Antes de assumir a prefeitura, Ademar Magalh\u00e3es teve trajet\u00f3ria como motorista, atuou como assessor parlamentar do deputado federal Juscelino Filho entre 2015 e 2019 e, em 2023, ocupou o cargo de secret\u00e1rio municipal de Infraestrutura e Obras.<\/p>\n<p>&nbsp;<\/p>\n<p>Informa\u00e7\u00f5es preliminares apontam que ele foi v\u00edtima de um infarto. O prefeito chegou a receber atendimento imediato, incluindo manobras de reanima\u00e7\u00e3o realizadas pela ex-prefeita Luanna Rezende, que estava no local. Em seguida, foi socorrido por equipes do Samu e levado ao hospital municipal, mas n\u00e3o resistiu.<\/p>\n<p>&nbsp;<\/p>\n<p>Com a morte, a vice-prefeita Gabi Viana assume a administra\u00e7\u00e3o do munic\u00edpio.<\/p>\n<p>&nbsp;<\/p>\n<p>O vel\u00f3rio ocorre nesta ter\u00e7a-feira (28) na Igreja Assembleia de Deus. Na quarta-feira (29), ser\u00e1 celebrada uma missa antes do sepultamento no cemit\u00e9rio municipal.<\/p>\n<p>&nbsp;<\/p>\n<p>A prefeitura decretou luto oficial de tr\u00eas dias. O governador Carlos Brand\u00e3o e o presidente da Federa\u00e7\u00e3o dos Munic\u00edpios do Estado do Maranh\u00e3o, Roberto Costa, lamentaram a morte e destacaram a atua\u00e7\u00e3o do gestor.<\/p>\n","protected":false},"excerpt":{"rendered":"<p>&nbsp; O prefeito de Vitorino Freire, Ademar Alves Magalh\u00e3es, morreu na noite de segunda-feira (27), ap\u00f3s passar mal durante um evento da Secretaria Municipal de Educa\u00e7\u00e3o realizado em uma igreja. A informa\u00e7\u00e3o foi confirmada pela prefeitura. &nbsp; Conhecido como Fogoi\u00f3, ele tinha 61 anos e estava no primeiro mandato como prefeito. Segundo o Tribunal Superior [&hellip;]<\/p>\n","protected":false},"author":1,"featured_media":0,"comment_status":"open","ping_status":"open","sticky":false,"template":"","format":"standard","meta":{"footnotes":""},"categories":[1],"tags":[],"yst_prominent_words":[],"class_list":["post-4316","post","type-post","status-publish","format-standard","hentry","category-noticia-geral"],"_links":{"self":[{"href":"https:\/\/blogomorangodonordeste.com.br\/index.php\/wp-json\/wp\/v2\/posts\/4316","targetHints":{"allow":["GET"]}}],"collection":[{"href":"https:\/\/blogomorangodonordeste.com.br\/index.php\/wp-json\/wp\/v2\/posts"}],"about":[{"href":"https:\/\/blogomorangodonordeste.com.br\/index.php\/wp-json\/wp\/v2\/types\/post"}],"author":[{"embeddable":true,"href":"https:\/\/blogomorangodonordeste.com.br\/index.php\/wp-json\/wp\/v2\/users\/1"}],"replies":[{"embeddable":true,"href":"https:\/\/blogomorangodonordeste.com.br\/index.php\/wp-json\/wp\/v2\/comments?post=4316"}],"version-history":[{"count":1,"href":"https:\/\/blogomorangodonordeste.com.br\/index.php\/wp-json\/wp\/v2\/posts\/4316\/revisions"}],"predecessor-version":[{"id":4318,"href":"https:\/\/blogomorangodonordeste.com.br\/index.php\/wp-json\/wp\/v2\/posts\/4316\/revisions\/4318"}],"wp:attachment":[{"href":"https:\/\/blogomorangodonordeste.com.br\/index.php\/wp-json\/wp\/v2\/media?parent=4316"}],"wp:term":[{"taxonomy":"category","embeddable":true,"href":"https:\/\/blogomorangodonordeste.com.br\/index.php\/wp-json\/wp\/v2\/categories?post=4316"},{"taxonomy":"post_tag","embeddable":true,"href":"https:\/\/blogomorangodonordeste.com.br\/index.php\/wp-json\/wp\/v2\/tags?post=4316"},{"taxonomy":"yst_prominent_words","embeddable":true,"href":"https:\/\/blogomorangodonordeste.com.br\/index.php\/wp-json\/wp\/v2\/yst_prominent_words?post=4316"}],"curies":[{"name":"wp","href":"https:\/\/api.w.org\/{rel}","templated":true}]}}