{"id":4308,"date":"2026-04-28T13:08:26","date_gmt":"2026-04-28T16:08:26","guid":{"rendered":"https:\/\/blogomorangodonordeste.com.br\/?p=4308"},"modified":"2026-04-28T13:08:26","modified_gmt":"2026-04-28T16:08:26","slug":"orleans-brandao-e-joao-alberto-discutem-cenario-politico-e-alinham-propostas-para-bacabal","status":"publish","type":"post","link":"https:\/\/blogomorangodonordeste.com.br\/index.php\/2026\/04\/28\/orleans-brandao-e-joao-alberto-discutem-cenario-politico-e-alinham-propostas-para-bacabal\/","title":{"rendered":"Orleans Brand\u00e3o e Jo\u00e3o Alberto discutem cen\u00e1rio pol\u00edtico e alinham propostas para Bacabal"},"content":{"rendered":"<p><img loading=\"lazy\" decoding=\"async\" class=\"alignnone size-full wp-image-4310\" src=\"https:\/\/blogomorangodonordeste.com.br\/wp-content\/uploads\/2026\/04\/IMG-20260428-WA1014-1.jpg\" alt=\"\" width=\"960\" height=\"1280\" srcset=\"https:\/\/blogomorangodonordeste.com.br\/wp-content\/uploads\/2026\/04\/IMG-20260428-WA1014-1.jpg 960w, https:\/\/blogomorangodonordeste.com.br\/wp-content\/uploads\/2026\/04\/IMG-20260428-WA1014-1-225x300.jpg 225w, https:\/\/blogomorangodonordeste.com.br\/wp-content\/uploads\/2026\/04\/IMG-20260428-WA1014-1-768x1024.jpg 768w\" sizes=\"auto, (max-width: 960px) 100vw, 960px\" \/><\/p>\n<p>&nbsp;<\/p>\n<p>O pr\u00e9-candidato ao Governo do Maranh\u00e3o, Orleans Brand\u00e3o, e o vereador de Bacabal, Jo\u00e3o Alberto, reuniram-se na sede do MDB, em S\u00e3o Lu\u00eds, na manh\u00e3 desta segunda-feira (27), para discutir os desafios atuais do estado e alinhar perspectivas pol\u00edticas para os pr\u00f3ximos anos.<\/p>\n<p>&nbsp;<\/p>\n<p>Na ocasi\u00e3o, eles tamb\u00e9m conversaram sobre pautas relevantes voltadas ao desenvolvimento do munic\u00edpio de Bacabal, abordando demandas locais e estrat\u00e9gias para fortalecer \u00e1reas priorit\u00e1rias da cidade, onde Jo\u00e3o Alberto tem forte atua\u00e7\u00e3o pol\u00edtica.<\/p>\n<p>&nbsp;<\/p>\n<p>Um dos nomes influentes da pol\u00edtica estadual, com uma trajet\u00f3ria marcada por cargos de grande relev\u00e2ncia, Jo\u00e3o Alberto j\u00e1 foi governador do Maranh\u00e3o, senador da Rep\u00fablica e deputado.<\/p>\n<p>&nbsp;<\/p>\n<p>Para Orleans, a experi\u00eancia e a import\u00e2ncia de Jo\u00e3o Alberto para a pol\u00edtica do Maranh\u00e3o s\u00e3o inquestion\u00e1veis. Ele afirmou que o vereador tem muito a contribuir com seu projeto pol\u00edtico para o estado, reconhecendo sua lideran\u00e7a como fundamental para o di\u00e1logo pol\u00edtico e para a constru\u00e7\u00e3o de propostas que atendam \u00e0s necessidades da popula\u00e7\u00e3o.<\/p>\n","protected":false},"excerpt":{"rendered":"<p>&nbsp; O pr\u00e9-candidato ao Governo do Maranh\u00e3o, Orleans Brand\u00e3o, e o vereador de Bacabal, Jo\u00e3o Alberto, reuniram-se na sede do MDB, em S\u00e3o Lu\u00eds, na manh\u00e3 desta segunda-feira (27), para discutir os desafios atuais do estado e alinhar perspectivas pol\u00edticas para os pr\u00f3ximos anos. &nbsp; Na ocasi\u00e3o, eles tamb\u00e9m conversaram sobre pautas relevantes voltadas ao [&hellip;]<\/p>\n","protected":false},"author":1,"featured_media":0,"comment_status":"open","ping_status":"open","sticky":false,"template":"","format":"standard","meta":{"footnotes":""},"categories":[1],"tags":[],"yst_prominent_words":[],"class_list":["post-4308","post","type-post","status-publish","format-standard","hentry","category-noticia-geral"],"_links":{"self":[{"href":"https:\/\/blogomorangodonordeste.com.br\/index.php\/wp-json\/wp\/v2\/posts\/4308","targetHints":{"allow":["GET"]}}],"collection":[{"href":"https:\/\/blogomorangodonordeste.com.br\/index.php\/wp-json\/wp\/v2\/posts"}],"about":[{"href":"https:\/\/blogomorangodonordeste.com.br\/index.php\/wp-json\/wp\/v2\/types\/post"}],"author":[{"embeddable":true,"href":"https:\/\/blogomorangodonordeste.com.br\/index.php\/wp-json\/wp\/v2\/users\/1"}],"replies":[{"embeddable":true,"href":"https:\/\/blogomorangodonordeste.com.br\/index.php\/wp-json\/wp\/v2\/comments?post=4308"}],"version-history":[{"count":1,"href":"https:\/\/blogomorangodonordeste.com.br\/index.php\/wp-json\/wp\/v2\/posts\/4308\/revisions"}],"predecessor-version":[{"id":4311,"href":"https:\/\/blogomorangodonordeste.com.br\/index.php\/wp-json\/wp\/v2\/posts\/4308\/revisions\/4311"}],"wp:attachment":[{"href":"https:\/\/blogomorangodonordeste.com.br\/index.php\/wp-json\/wp\/v2\/media?parent=4308"}],"wp:term":[{"taxonomy":"category","embeddable":true,"href":"https:\/\/blogomorangodonordeste.com.br\/index.php\/wp-json\/wp\/v2\/categories?post=4308"},{"taxonomy":"post_tag","embeddable":true,"href":"https:\/\/blogomorangodonordeste.com.br\/index.php\/wp-json\/wp\/v2\/tags?post=4308"},{"taxonomy":"yst_prominent_words","embeddable":true,"href":"https:\/\/blogomorangodonordeste.com.br\/index.php\/wp-json\/wp\/v2\/yst_prominent_words?post=4308"}],"curies":[{"name":"wp","href":"https:\/\/api.w.org\/{rel}","templated":true}]}}