{"id":4298,"date":"2026-04-27T20:22:54","date_gmt":"2026-04-27T23:22:54","guid":{"rendered":"https:\/\/blogomorangodonordeste.com.br\/?p=4298"},"modified":"2026-04-27T20:22:54","modified_gmt":"2026-04-27T23:22:54","slug":"eventos-turbinam-orleans-na-baixada-e-tocantina-e-ampliam-pressao-sobre-adversarios","status":"publish","type":"post","link":"https:\/\/blogomorangodonordeste.com.br\/index.php\/2026\/04\/27\/eventos-turbinam-orleans-na-baixada-e-tocantina-e-ampliam-pressao-sobre-adversarios\/","title":{"rendered":"Eventos turbinam Orleans na Baixada e Tocantina e ampliam press\u00e3o sobre advers\u00e1rios"},"content":{"rendered":"<p><img loading=\"lazy\" decoding=\"async\" class=\"alignnone size-full wp-image-4299\" src=\"https:\/\/blogomorangodonordeste.com.br\/wp-content\/uploads\/2026\/04\/IMG-20260427-WA0932.jpg\" alt=\"\" width=\"1600\" height=\"1066\" srcset=\"https:\/\/blogomorangodonordeste.com.br\/wp-content\/uploads\/2026\/04\/IMG-20260427-WA0932.jpg 1600w, https:\/\/blogomorangodonordeste.com.br\/wp-content\/uploads\/2026\/04\/IMG-20260427-WA0932-300x200.jpg 300w, https:\/\/blogomorangodonordeste.com.br\/wp-content\/uploads\/2026\/04\/IMG-20260427-WA0932-1024x682.jpg 1024w, https:\/\/blogomorangodonordeste.com.br\/wp-content\/uploads\/2026\/04\/IMG-20260427-WA0932-768x512.jpg 768w, https:\/\/blogomorangodonordeste.com.br\/wp-content\/uploads\/2026\/04\/IMG-20260427-WA0932-1536x1023.jpg 1536w, https:\/\/blogomorangodonordeste.com.br\/wp-content\/uploads\/2026\/04\/IMG-20260427-WA0932-150x100.jpg 150w\" sizes=\"auto, (max-width: 1600px) 100vw, 1600px\" \/> <img loading=\"lazy\" decoding=\"async\" class=\"alignnone size-full wp-image-4300\" src=\"https:\/\/blogomorangodonordeste.com.br\/wp-content\/uploads\/2026\/04\/IMG-20260426-WA0104.jpg\" alt=\"\" width=\"1000\" height=\"1500\" srcset=\"https:\/\/blogomorangodonordeste.com.br\/wp-content\/uploads\/2026\/04\/IMG-20260426-WA0104.jpg 1000w, https:\/\/blogomorangodonordeste.com.br\/wp-content\/uploads\/2026\/04\/IMG-20260426-WA0104-200x300.jpg 200w, https:\/\/blogomorangodonordeste.com.br\/wp-content\/uploads\/2026\/04\/IMG-20260426-WA0104-683x1024.jpg 683w, https:\/\/blogomorangodonordeste.com.br\/wp-content\/uploads\/2026\/04\/IMG-20260426-WA0104-768x1152.jpg 768w\" sizes=\"auto, (max-width: 1000px) 100vw, 1000px\" \/><\/p>\n<p>&nbsp;<\/p>\n<p>O fim de semana na pol\u00edtica maranhense escancarou um desequil\u00edbrio cada vez mais dif\u00edcil de disfar\u00e7ar: enquanto advers\u00e1rios ainda patinam na largada, Orleans Brand\u00e3o (MDB) empilha atos cheios e vai ocupando, com folga, o espa\u00e7o de principal nome na disputa pelo Pal\u00e1cio dos Le\u00f5es.<\/p>\n<p>&nbsp;<\/p>\n<p>Na sexta (25), em Viana, o movimento \u201cPor Todo o Maranh\u00e3o\u201d reuniu gente de mais de 20 munic\u00edpios da Baixada Maranhense. N\u00e3o foi s\u00f3 volume, foi recado pol\u00edtico. Prefeitos, vereadores e lideran\u00e7as locais deram o tom de que o projeto de Orleans j\u00e1 ultrapassou a fase de teste e entrou no modo consolida\u00e7\u00e3o.<\/p>\n<p>&nbsp;<\/p>\n<p>No s\u00e1bado, Imperatriz foi ainda mais simb\u00f3lica. Mais de 20 mil pessoas e uma fileira de prefeitos da Regi\u00e3o Tocantina transformaram o ato em demonstra\u00e7\u00e3o de for\u00e7a. Em uma regi\u00e3o estrat\u00e9gica, onde elei\u00e7\u00f5es costumam ser decididas no detalhe, Orleans n\u00e3o apenas apareceu, mas dominou o cen\u00e1rio.<\/p>\n<p>&nbsp;<\/p>\n<p>Nos bastidores, a leitura \u00e9 direta: enquanto Orleans cresce com rua, base pol\u00edtica e agenda, advers\u00e1rios seguem tentando se viabilizar. A pr\u00e9-campanha deixou de ser promessa e virou term\u00f4metro. E, por ora, ele marca uma temperatura confort\u00e1vel para o emedebista.<\/p>\n<p>&nbsp;<\/p>\n<p>Se mantiver esse ritmo, Orleans entra na disputa n\u00e3o s\u00f3 competitivo, mas na condi\u00e7\u00e3o de favorito e com uma vantagem que come\u00e7a a incomodar quem ainda tenta encontrar o pr\u00f3prio caminho.<\/p>\n","protected":false},"excerpt":{"rendered":"<p>&nbsp; O fim de semana na pol\u00edtica maranhense escancarou um desequil\u00edbrio cada vez mais dif\u00edcil de disfar\u00e7ar: enquanto advers\u00e1rios ainda patinam na largada, Orleans Brand\u00e3o (MDB) empilha atos cheios e vai ocupando, com folga, o espa\u00e7o de principal nome na disputa pelo Pal\u00e1cio dos Le\u00f5es. &nbsp; Na sexta (25), em Viana, o movimento \u201cPor Todo [&hellip;]<\/p>\n","protected":false},"author":1,"featured_media":0,"comment_status":"open","ping_status":"open","sticky":false,"template":"","format":"standard","meta":{"footnotes":""},"categories":[1],"tags":[],"yst_prominent_words":[],"class_list":["post-4298","post","type-post","status-publish","format-standard","hentry","category-noticia-geral"],"_links":{"self":[{"href":"https:\/\/blogomorangodonordeste.com.br\/index.php\/wp-json\/wp\/v2\/posts\/4298","targetHints":{"allow":["GET"]}}],"collection":[{"href":"https:\/\/blogomorangodonordeste.com.br\/index.php\/wp-json\/wp\/v2\/posts"}],"about":[{"href":"https:\/\/blogomorangodonordeste.com.br\/index.php\/wp-json\/wp\/v2\/types\/post"}],"author":[{"embeddable":true,"href":"https:\/\/blogomorangodonordeste.com.br\/index.php\/wp-json\/wp\/v2\/users\/1"}],"replies":[{"embeddable":true,"href":"https:\/\/blogomorangodonordeste.com.br\/index.php\/wp-json\/wp\/v2\/comments?post=4298"}],"version-history":[{"count":1,"href":"https:\/\/blogomorangodonordeste.com.br\/index.php\/wp-json\/wp\/v2\/posts\/4298\/revisions"}],"predecessor-version":[{"id":4301,"href":"https:\/\/blogomorangodonordeste.com.br\/index.php\/wp-json\/wp\/v2\/posts\/4298\/revisions\/4301"}],"wp:attachment":[{"href":"https:\/\/blogomorangodonordeste.com.br\/index.php\/wp-json\/wp\/v2\/media?parent=4298"}],"wp:term":[{"taxonomy":"category","embeddable":true,"href":"https:\/\/blogomorangodonordeste.com.br\/index.php\/wp-json\/wp\/v2\/categories?post=4298"},{"taxonomy":"post_tag","embeddable":true,"href":"https:\/\/blogomorangodonordeste.com.br\/index.php\/wp-json\/wp\/v2\/tags?post=4298"},{"taxonomy":"yst_prominent_words","embeddable":true,"href":"https:\/\/blogomorangodonordeste.com.br\/index.php\/wp-json\/wp\/v2\/yst_prominent_words?post=4298"}],"curies":[{"name":"wp","href":"https:\/\/api.w.org\/{rel}","templated":true}]}}