{"id":4291,"date":"2026-04-27T12:28:24","date_gmt":"2026-04-27T15:28:24","guid":{"rendered":"https:\/\/blogomorangodonordeste.com.br\/?p=4291"},"modified":"2026-04-27T12:28:24","modified_gmt":"2026-04-27T15:28:24","slug":"justica-mantem-condenacao-contra-cajari-por-dano-ambiental-e-cobra-recuperacao-de-area-degradada","status":"publish","type":"post","link":"https:\/\/blogomorangodonordeste.com.br\/index.php\/2026\/04\/27\/justica-mantem-condenacao-contra-cajari-por-dano-ambiental-e-cobra-recuperacao-de-area-degradada\/","title":{"rendered":"Justi\u00e7a mant\u00e9m condena\u00e7\u00e3o contra Cajari por dano ambiental e cobra recupera\u00e7\u00e3o de \u00e1rea degradada"},"content":{"rendered":"<p><img loading=\"lazy\" decoding=\"async\" class=\"alignnone size-full wp-image-4293\" src=\"https:\/\/blogomorangodonordeste.com.br\/wp-content\/uploads\/2026\/04\/IMG-20260427-WA0791-1.jpg\" alt=\"\" width=\"600\" height=\"399\" srcset=\"https:\/\/blogomorangodonordeste.com.br\/wp-content\/uploads\/2026\/04\/IMG-20260427-WA0791-1.jpg 600w, https:\/\/blogomorangodonordeste.com.br\/wp-content\/uploads\/2026\/04\/IMG-20260427-WA0791-1-300x200.jpg 300w, https:\/\/blogomorangodonordeste.com.br\/wp-content\/uploads\/2026\/04\/IMG-20260427-WA0791-1-150x100.jpg 150w\" sizes=\"auto, (max-width: 600px) 100vw, 600px\" \/><\/p>\n<p>Um m\u00eas ap\u00f3s a decis\u00e3o, segue em vigor a condena\u00e7\u00e3o da Cajari por danos ambientais causados pela explora\u00e7\u00e3o mineral irregular em \u00e1rea de assentamento. A senten\u00e7a da Justi\u00e7a Federal, baseada em a\u00e7\u00e3o do Minist\u00e9rio P\u00fablico Federal, responsabiliza o munic\u00edpio pela degrada\u00e7\u00e3o e determina medidas de repara\u00e7\u00e3o.<\/p>\n<p>&nbsp;<\/p>\n<p>As investiga\u00e7\u00f5es tiveram como base laudo da Pol\u00edcia Federal, que apontou retirada irregular de argila e pi\u00e7arra para uso em estradas vicinais. A per\u00edcia identificou destrui\u00e7\u00e3o completa da vegeta\u00e7\u00e3o e perda da camada f\u00e9rtil do solo, comprometendo a regenera\u00e7\u00e3o natural da \u00e1rea.<\/p>\n<p>&nbsp;<\/p>\n<p>Imagens de sat\u00e9lite mostraram que o problema n\u00e3o foi pontual: a degrada\u00e7\u00e3o se intensificou ao longo dos anos, com avan\u00e7o significativo a partir de 2013 e novos registros entre 2019 e 2020, mesmo ap\u00f3s den\u00fancias.<\/p>\n<p>&nbsp;<\/p>\n<p>Outro ponto central \u00e9 que a atividade ocorreu sem autoriza\u00e7\u00e3o da Ag\u00eancia Nacional de Minera\u00e7\u00e3o e fora das \u00e1reas permitidas pela Secretaria de Estado de Meio Ambiente, caracterizando ilegalidade.<\/p>\n<p>&nbsp;<\/p>\n<p>A decis\u00e3o obriga o munic\u00edpio a apresentar um Plano de Recupera\u00e7\u00e3o de \u00c1rea Degradada (PRAD) em at\u00e9 90 dias, prazo que j\u00e1 pressiona a gest\u00e3o, diante da necessidade de resposta efetiva, e iniciar a execu\u00e7\u00e3o ap\u00f3s aprova\u00e7\u00e3o dos \u00f3rg\u00e3os competentes.<\/p>\n<p>&nbsp;<\/p>\n<p>Al\u00e9m disso, Cajari foi condenada ao pagamento de indeniza\u00e7\u00e3o m\u00ednima de R$ 180,6 mil, valor destinado ao Fundo de Defesa de Direitos Difusos, como forma de compensar os danos ambientais e a explora\u00e7\u00e3o irregular de recursos minerais.<\/p>\n<p>&nbsp;<\/p>\n<p>Segundo o processo, a extra\u00e7\u00e3o ocorreu dentro de \u00e1rea onde o desmatamento \u00e9 proibido, com uso de maquin\u00e1rio p\u00fablico e benef\u00edcio direto para obras municipais. A estimativa \u00e9 de mais de tr\u00eas mil metros c\u00fabicos de material retirados sem qualquer respaldo legal.<\/p>\n<p>&nbsp;<\/p>\n<p>A tese de desconhecimento por parte da gest\u00e3o foi rejeitada pela Justi\u00e7a. O entendimento refor\u00e7a que o poder p\u00fablico n\u00e3o s\u00f3 se beneficiou da atividade, como tamb\u00e9m tinha obriga\u00e7\u00e3o de fiscalizar sua legalidade, um ponto que pesa diretamente na responsabiliza\u00e7\u00e3o do munic\u00edpio.<\/p>\n<p>&nbsp;<\/p>\n<p>A decis\u00e3o segue a linha do Superior Tribunal de Justi\u00e7a, que estabelece que todos os envolvidos ou beneficiados por danos ambientais devem responder pela repara\u00e7\u00e3o.<\/p>\n","protected":false},"excerpt":{"rendered":"<p>Um m\u00eas ap\u00f3s a decis\u00e3o, segue em vigor a condena\u00e7\u00e3o da Cajari por danos ambientais causados pela explora\u00e7\u00e3o mineral irregular em \u00e1rea de assentamento. A senten\u00e7a da Justi\u00e7a Federal, baseada em a\u00e7\u00e3o do Minist\u00e9rio P\u00fablico Federal, responsabiliza o munic\u00edpio pela degrada\u00e7\u00e3o e determina medidas de repara\u00e7\u00e3o. &nbsp; As investiga\u00e7\u00f5es tiveram como base laudo da Pol\u00edcia [&hellip;]<\/p>\n","protected":false},"author":1,"featured_media":0,"comment_status":"open","ping_status":"open","sticky":false,"template":"","format":"standard","meta":{"footnotes":""},"categories":[1],"tags":[],"yst_prominent_words":[],"class_list":["post-4291","post","type-post","status-publish","format-standard","hentry","category-noticia-geral"],"_links":{"self":[{"href":"https:\/\/blogomorangodonordeste.com.br\/index.php\/wp-json\/wp\/v2\/posts\/4291","targetHints":{"allow":["GET"]}}],"collection":[{"href":"https:\/\/blogomorangodonordeste.com.br\/index.php\/wp-json\/wp\/v2\/posts"}],"about":[{"href":"https:\/\/blogomorangodonordeste.com.br\/index.php\/wp-json\/wp\/v2\/types\/post"}],"author":[{"embeddable":true,"href":"https:\/\/blogomorangodonordeste.com.br\/index.php\/wp-json\/wp\/v2\/users\/1"}],"replies":[{"embeddable":true,"href":"https:\/\/blogomorangodonordeste.com.br\/index.php\/wp-json\/wp\/v2\/comments?post=4291"}],"version-history":[{"count":1,"href":"https:\/\/blogomorangodonordeste.com.br\/index.php\/wp-json\/wp\/v2\/posts\/4291\/revisions"}],"predecessor-version":[{"id":4294,"href":"https:\/\/blogomorangodonordeste.com.br\/index.php\/wp-json\/wp\/v2\/posts\/4291\/revisions\/4294"}],"wp:attachment":[{"href":"https:\/\/blogomorangodonordeste.com.br\/index.php\/wp-json\/wp\/v2\/media?parent=4291"}],"wp:term":[{"taxonomy":"category","embeddable":true,"href":"https:\/\/blogomorangodonordeste.com.br\/index.php\/wp-json\/wp\/v2\/categories?post=4291"},{"taxonomy":"post_tag","embeddable":true,"href":"https:\/\/blogomorangodonordeste.com.br\/index.php\/wp-json\/wp\/v2\/tags?post=4291"},{"taxonomy":"yst_prominent_words","embeddable":true,"href":"https:\/\/blogomorangodonordeste.com.br\/index.php\/wp-json\/wp\/v2\/yst_prominent_words?post=4291"}],"curies":[{"name":"wp","href":"https:\/\/api.w.org\/{rel}","templated":true}]}}