{"id":4273,"date":"2026-04-24T22:01:55","date_gmt":"2026-04-25T01:01:55","guid":{"rendered":"https:\/\/blogomorangodonordeste.com.br\/?p=4273"},"modified":"2026-04-24T22:01:55","modified_gmt":"2026-04-25T01:01:55","slug":"rosana-da-saude-deixa-base-de-braide-e-declara-apoio-a-orleans-brandao","status":"publish","type":"post","link":"https:\/\/blogomorangodonordeste.com.br\/index.php\/2026\/04\/24\/rosana-da-saude-deixa-base-de-braide-e-declara-apoio-a-orleans-brandao\/","title":{"rendered":"Rosana da Sa\u00fade deixa base de Braide e declara apoio a Orleans Brand\u00e3o*"},"content":{"rendered":"<p><img loading=\"lazy\" decoding=\"async\" class=\"alignnone size-full wp-image-4274\" src=\"https:\/\/blogomorangodonordeste.com.br\/wp-content\/uploads\/2026\/04\/IMG-20260424-WA0369.jpg\" alt=\"\" width=\"720\" height=\"1280\" srcset=\"https:\/\/blogomorangodonordeste.com.br\/wp-content\/uploads\/2026\/04\/IMG-20260424-WA0369.jpg 720w, https:\/\/blogomorangodonordeste.com.br\/wp-content\/uploads\/2026\/04\/IMG-20260424-WA0369-169x300.jpg 169w, https:\/\/blogomorangodonordeste.com.br\/wp-content\/uploads\/2026\/04\/IMG-20260424-WA0369-576x1024.jpg 576w\" sizes=\"auto, (max-width: 720px) 100vw, 720px\" \/><\/p>\n<p>&nbsp;<\/p>\n<p>O pr\u00e9-candidato a governador do Maranh\u00e3o, Orleans Brand\u00e3o, recebeu o apoio de fortes l\u00edderes evang\u00e9licos da Grande Ilha nesta semana, ampliando ainda mais o seu grupo na capital maranhense. Sua pr\u00e9-candidatura foi abra\u00e7ada tamb\u00e9m pela vereadora de S\u00e3o Lu\u00eds Rosana da Sa\u00fade, que antes fazia parte da base de apoio do ex-prefeito Eduardo Braide.<\/p>\n<p>&nbsp;<\/p>\n<p>\u201cFui muito bem recebido pelos vereadores Rosana da Sa\u00fade e J\u00fanior da Juventude. Conversamos sobre pol\u00edticas p\u00fablicas para a Grande Ilha, sobre o futuro da nossa capital, de S\u00e3o Jos\u00e9 de Ribamar e por todo o Maranh\u00e3o. Juntos poderemos avan\u00e7ar na sa\u00fade de S\u00e3o Lu\u00eds e em v\u00e1rias \u00e1reas. Voc\u00ea vem com a miss\u00e3o de buscar representar a igreja e toda S\u00e3o Lu\u00eds na Assembleia Legislativa. Conte com a gente para trabalhar pelo futuro do Maranh\u00e3o\u201d, declarou Orleans Brand\u00e3o, no encontro com os dois parlamentares.<\/p>\n<p>&nbsp;<\/p>\n<p>Pr\u00e9-candidata a deputada estadual, Rosana da Sa\u00fade chega para fortalecer ainda mais o grupo de Orleans Brand\u00e3o em S\u00e3o Lu\u00eds. \u201cJuntos pelo Maranh\u00e3o vamos fazer a diferen\u00e7a. Que Deus o aben\u00e7oe e conte com a Rosana da Sa\u00fade\u201d, enfatizou a vereadora ao declarar apoio ao pr\u00e9-candidato. \u201cA cidade balne\u00e1ria e toda a nossa base em S\u00e3o Jos\u00e9 de Ribamar est\u00e3o \u00e0 disposi\u00e7\u00e3o para somar nessa caminhada com Orleans Brand\u00e3o\u201d, afirmou J\u00fanior da Juventude.<\/p>\n","protected":false},"excerpt":{"rendered":"<p>&nbsp; O pr\u00e9-candidato a governador do Maranh\u00e3o, Orleans Brand\u00e3o, recebeu o apoio de fortes l\u00edderes evang\u00e9licos da Grande Ilha nesta semana, ampliando ainda mais o seu grupo na capital maranhense. Sua pr\u00e9-candidatura foi abra\u00e7ada tamb\u00e9m pela vereadora de S\u00e3o Lu\u00eds Rosana da Sa\u00fade, que antes fazia parte da base de apoio do ex-prefeito Eduardo Braide. [&hellip;]<\/p>\n","protected":false},"author":1,"featured_media":0,"comment_status":"open","ping_status":"open","sticky":false,"template":"","format":"standard","meta":{"footnotes":""},"categories":[1],"tags":[],"yst_prominent_words":[],"class_list":["post-4273","post","type-post","status-publish","format-standard","hentry","category-noticia-geral"],"_links":{"self":[{"href":"https:\/\/blogomorangodonordeste.com.br\/index.php\/wp-json\/wp\/v2\/posts\/4273","targetHints":{"allow":["GET"]}}],"collection":[{"href":"https:\/\/blogomorangodonordeste.com.br\/index.php\/wp-json\/wp\/v2\/posts"}],"about":[{"href":"https:\/\/blogomorangodonordeste.com.br\/index.php\/wp-json\/wp\/v2\/types\/post"}],"author":[{"embeddable":true,"href":"https:\/\/blogomorangodonordeste.com.br\/index.php\/wp-json\/wp\/v2\/users\/1"}],"replies":[{"embeddable":true,"href":"https:\/\/blogomorangodonordeste.com.br\/index.php\/wp-json\/wp\/v2\/comments?post=4273"}],"version-history":[{"count":1,"href":"https:\/\/blogomorangodonordeste.com.br\/index.php\/wp-json\/wp\/v2\/posts\/4273\/revisions"}],"predecessor-version":[{"id":4275,"href":"https:\/\/blogomorangodonordeste.com.br\/index.php\/wp-json\/wp\/v2\/posts\/4273\/revisions\/4275"}],"wp:attachment":[{"href":"https:\/\/blogomorangodonordeste.com.br\/index.php\/wp-json\/wp\/v2\/media?parent=4273"}],"wp:term":[{"taxonomy":"category","embeddable":true,"href":"https:\/\/blogomorangodonordeste.com.br\/index.php\/wp-json\/wp\/v2\/categories?post=4273"},{"taxonomy":"post_tag","embeddable":true,"href":"https:\/\/blogomorangodonordeste.com.br\/index.php\/wp-json\/wp\/v2\/tags?post=4273"},{"taxonomy":"yst_prominent_words","embeddable":true,"href":"https:\/\/blogomorangodonordeste.com.br\/index.php\/wp-json\/wp\/v2\/yst_prominent_words?post=4273"}],"curies":[{"name":"wp","href":"https:\/\/api.w.org\/{rel}","templated":true}]}}