{"id":4103,"date":"2026-04-09T07:35:02","date_gmt":"2026-04-09T10:35:02","guid":{"rendered":"https:\/\/blogomorangodonordeste.com.br\/?p=4103"},"modified":"2026-04-09T08:30:34","modified_gmt":"2026-04-09T11:30:34","slug":"106-anos-de-coroata-brandao-entrega-obras-de-educacao-saneamento-pavimentacao-e-de-lazer-a-quarta-feira-8-foi-de-comemoracao-em-coroata-ja-que-o-municipio-chegou-aos-seus-106-anos-para-marca","status":"publish","type":"post","link":"https:\/\/blogomorangodonordeste.com.br\/index.php\/2026\/04\/09\/106-anos-de-coroata-brandao-entrega-obras-de-educacao-saneamento-pavimentacao-e-de-lazer-a-quarta-feira-8-foi-de-comemoracao-em-coroata-ja-que-o-municipio-chegou-aos-seus-106-anos-para-marca\/","title":{"rendered":"Orleans Brand\u00e3o \u00e9 o pr\u00e9-candidato com mais experi\u00eancia sobre o Governo do Estado"},"content":{"rendered":"<p><img loading=\"lazy\" decoding=\"async\" class=\"alignnone size-full wp-image-4104\" src=\"https:\/\/blogomorangodonordeste.com.br\/wp-content\/uploads\/2026\/04\/IMG-20260409-WA0019.jpg\" alt=\"\" width=\"1032\" height=\"1280\" srcset=\"https:\/\/blogomorangodonordeste.com.br\/wp-content\/uploads\/2026\/04\/IMG-20260409-WA0019.jpg 1032w, https:\/\/blogomorangodonordeste.com.br\/wp-content\/uploads\/2026\/04\/IMG-20260409-WA0019-242x300.jpg 242w, https:\/\/blogomorangodonordeste.com.br\/wp-content\/uploads\/2026\/04\/IMG-20260409-WA0019-826x1024.jpg 826w, https:\/\/blogomorangodonordeste.com.br\/wp-content\/uploads\/2026\/04\/IMG-20260409-WA0019-768x953.jpg 768w\" sizes=\"auto, (max-width: 1032px) 100vw, 1032px\" \/> <img loading=\"lazy\" decoding=\"async\" class=\"alignnone size-full wp-image-4105\" src=\"https:\/\/blogomorangodonordeste.com.br\/wp-content\/uploads\/2026\/04\/IMG-20260409-WA0018.jpg\" alt=\"\" width=\"1280\" height=\"853\" srcset=\"https:\/\/blogomorangodonordeste.com.br\/wp-content\/uploads\/2026\/04\/IMG-20260409-WA0018.jpg 1280w, https:\/\/blogomorangodonordeste.com.br\/wp-content\/uploads\/2026\/04\/IMG-20260409-WA0018-300x200.jpg 300w, https:\/\/blogomorangodonordeste.com.br\/wp-content\/uploads\/2026\/04\/IMG-20260409-WA0018-1024x682.jpg 1024w, https:\/\/blogomorangodonordeste.com.br\/wp-content\/uploads\/2026\/04\/IMG-20260409-WA0018-768x512.jpg 768w, https:\/\/blogomorangodonordeste.com.br\/wp-content\/uploads\/2026\/04\/IMG-20260409-WA0018-150x100.jpg 150w\" sizes=\"auto, (max-width: 1280px) 100vw, 1280px\" \/><\/p>\n<p>&nbsp;<\/p>\n<p>A quarta-feira (8) foi de comemora\u00e7\u00e3o em Coroat\u00e1, j\u00e1 que o munic\u00edpio chegou aos seus 106 anos. Para marcar a data, o Governo do Maranh\u00e3o fez entregas de obras para beneficiar a popula\u00e7\u00e3o do munic\u00edpio. O governador Carlos Brand\u00e3o inaugurou o Centro Educa+ Clodomir Milet, a reforma do Mercado Municipal, obras de pavimenta\u00e7\u00e3o, abastecimento d\u2019\u00e1gua e de novos espa\u00e7os de lazer e pr\u00e1tica esportiva. Na ocasi\u00e3o, o governador Carlos Brand\u00e3o falou da satisfa\u00e7\u00e3o em poder trabalhar em parceria com o munic\u00edpio, fortalecendo as a\u00e7\u00f5es e melhorias para a vida dos coroataenses.<\/p>\n<p>&nbsp;<\/p>\n<p>\u201cEu fico muito feliz de ver as obras saindo do papel, onde prometemos no anivers\u00e1rio do ano passado e, hoje, estamos aqui, entregando. Vendo aqui uma ambul\u00e2ncia chegando hoje para a UPA, vendo as entregas dos equipamentos que fizemos aos agentes comunit\u00e1rios de sa\u00fade, que v\u00e3o de casa em casa; entrega de uma pra\u00e7a, entrega de mais uma escola, inaugura\u00e7\u00e3o de vias urbanas, entrega de sistema de abastecimento de \u00e1gua, entre tantas outras obras que estamos aqui, entregando para a popula\u00e7\u00e3o. E ainda temos diversas outras em andamento, que ser\u00e3o inauguradas em breve\u201d, comemorou Brand\u00e3o.<\/p>\n<p>&nbsp;<\/p>\n<p>O prefeito de Coroat\u00e1, Edimar Vaqueiro, destacou que a presen\u00e7a do Governo do Maranh\u00e3o no munic\u00edpio tem levado a\u00e7\u00f5es efetivas, com o cumprimento dos compromissos firmados. \u201cCoroat\u00e1 est\u00e1 passando por uma transforma\u00e7\u00e3o, em pleno desenvolvimento, e o governador Brand\u00e3o faz parte desse processo, entregando obras que muitos prometeram, mas n\u00e3o cumpriram, como o est\u00e1dio, o mercado e tantas outras. N\u00f3s s\u00f3 temos a agradecer ao Governo pela presen\u00e7a, o povo de Coroat\u00e1 agradece, por tantas obras importantes que foram entregues hoje\u201d, disse o prefeito.<\/p>\n<p>&nbsp;<\/p>\n<p>A primeira entrega do dia foi o Centro Educa+ Clodomir Milet, refor\u00e7ando a educa\u00e7\u00e3o no munic\u00edpio. A unidade est\u00e1 localizada na Rua Gon\u00e7alves Dias, nas proximidades do F\u00f3rum, e tem capacidade para 246 estudantes e estrutura com 5 salas de aula, salas de secretaria, diretoria e dos professores, biblioteca, sala de inform\u00e1tica, laborat\u00f3rio, cozinha e refeit\u00f3rio. A unidade tamb\u00e9m tem quadra coberta para pr\u00e1tica de atividades f\u00edsicas. A escola foi adaptada para garantir a acessibilidade de alunos e profissionais com defici\u00eancia.<\/p>\n<p>&nbsp;<\/p>\n<p>Raimundo Josias Silva, gestor geral da escola, afirmou que a obra representa um marco significativo para a educa\u00e7\u00e3o do munic\u00edpio. \u201cEsta escola oferecer\u00e1 educa\u00e7\u00e3o em tempo integral para os nossos alunos. Por isso, \u00e9 com grande satisfa\u00e7\u00e3o que celebramos hoje a entrega da segunda maior escola de tempo integral em nossa cidade com uma estrutura sem precedentes em nosso munic\u00edpio. Como educadores e na minha fun\u00e7\u00e3o de gestor, expresso nossa grande alegria, pois esta escola proporcionar\u00e1 aos nossos alunos amplas oportunidades de estudo e aprendizado, impulsionando seu desenvolvimento intelectual e sua busca pelo conhecimento\u201d, enfatizou.<\/p>\n<p>&nbsp;<\/p>\n<p>O governador Carlos Brand\u00e3o tamb\u00e9m fez a entrega de 163 tablets e fardamentos destinados aos Agentes Comunit\u00e1rios de Sa\u00fade (ACS). Os kits entregues aos ACSs incluem bolsa, camisa e colete, al\u00e9m do tablet utilizado nas atividades em campo. O equipamento permite o registro em tempo real das visitas domiciliares, atualiza\u00e7\u00e3o de cadastros das fam\u00edlias acompanhadas e monitoramento das condi\u00e7\u00f5es de sa\u00fade da popula\u00e7\u00e3o atendida, o que contribui para maior integra\u00e7\u00e3o das informa\u00e7\u00f5es e agilidade na tomada de decis\u00f5es pelas equipes da rede p\u00fablica.<\/p>\n<p>&nbsp;<\/p>\n<p>A distribui\u00e7\u00e3o dos equipamentos faz parte das a\u00e7\u00f5es de fortalecimento da Aten\u00e7\u00e3o Prim\u00e1ria em Sa\u00fade (APS) desenvolvidas pelo Programa Cuidar de Todos, iniciativa que amplia a coopera\u00e7\u00e3o entre o Governo do Maranh\u00e3o e os munic\u00edpios, para qualificar o trabalho. Ainda no \u00e2mbito da sa\u00fade, tamb\u00e9m foram entregues 200 \u00f3culos de grau, por meio do programa Cuidar dos Olhos &#8211; Cirurgias e \u00d3culos, da Secretaria de Estado da Sa\u00fade (SES). A a\u00e7\u00e3o integra o cronograma permanente do programa, que segue em execu\u00e7\u00e3o em diferentes munic\u00edpios e mant\u00e9m o atendimento oftalmol\u00f3gico como prioridade da gest\u00e3o estadual.<\/p>\n<p>&nbsp;<\/p>\n<p>Para garantir espa\u00e7os de lazer, conviv\u00eancia comunit\u00e1ria e pr\u00e1tica esportiva, no munic\u00edpio foi entregue tamb\u00e9m a Pra\u00e7a da Fam\u00edlia Pastor Raimundo Ben\u00e9 da Silva, no Bairro Novo Areal. A pra\u00e7a conta com 1.376 metros quadrados de \u00e1rea urbanizada, playground, academia ao ar livre, projeto paisag\u00edstico e ilumina\u00e7\u00e3o art\u00edstica.<\/p>\n<p>&nbsp;<\/p>\n<p>O morador Jos\u00e9 Raimundo afirmou que a nova pra\u00e7a vai proporcionar uma nova perspectiva para a comunidade. \u201cCom essa pra\u00e7a vamos renovar a vis\u00e3o sobre a nossa rua, que se tornou mais valorizada, pois antes n\u00e3o era t\u00e3o notada pela administra\u00e7\u00e3o p\u00fablica. Hoje, gra\u00e7as a Deus, temos em nossa rua, em nosso bairro, uma pra\u00e7a de grande porte\u201d, comemorou.<\/p>\n<p>&nbsp;<\/p>\n<p>Em seguida, foi entregue a obra do Mercado Municipal, executada pelo Governo do Maranh\u00e3o, por meio da Secretaria de Estado de Infraestrutura (Sinfra). O mercado passou por servi\u00e7os de revitaliza\u00e7\u00e3o da cobertura e piso, reformula\u00e7\u00e3o dos boxes e arquibancadas, al\u00e9m da constru\u00e7\u00e3o de banheiros para uso pelos comerciantes e consumidores.<\/p>\n<p>&nbsp;<\/p>\n<p>Melhorando a mobilidade urbana, o Governo do Estado entregou 2 quil\u00f4metros de pavimenta\u00e7\u00e3o asf\u00e1ltica, no trecho que liga a Avenida Magalh\u00e3es de Almeida at\u00e9 a Areninha Esportiva no povoado Maraj\u00e1, localizada \u00e0s margens da MA-332.<\/p>\n<p>&nbsp;<\/p>\n<p>A Areninha Esportiva representa um incentivo para que os jovens desenvolvam suas potencialidades no mundo do esporte. O espa\u00e7o conta com quadra, arquibancada, aparelhos de exerc\u00edcios f\u00edsicos, ilumina\u00e7\u00e3o, bancos, passeio e caramanch\u00e3o.<\/p>\n<p>&nbsp;<\/p>\n<p>No encerramento da programa\u00e7\u00e3o, foram entregues dois sistemas simplificados de abastecimento de \u00e1gua, beneficiando as comunidades dos bairros Uni\u00e3o e Centro, ampliando o acesso \u00e0 \u00e1gua encanada e tratada.<\/p>\n<p>&nbsp;<\/p>\n<p>Na oportunidade, o governador Carlos Brand\u00e3o tamb\u00e9m visitou as instala\u00e7\u00f5es da Fazenda da Esperan\u00e7a de Coroat\u00e1, acompanhado do prefeito Edimar Vaqueiro, dos deputados Estaduais Arnaldo Melo e Helena Duailibe; e demais autoridades. A institui\u00e7\u00e3o \u00e9 uma comunidade terap\u00eautica cat\u00f3lica de destaque na recupera\u00e7\u00e3o de dependentes qu\u00edmicos.<\/p>\n","protected":false},"excerpt":{"rendered":"<p>&nbsp; A quarta-feira (8) foi de comemora\u00e7\u00e3o em Coroat\u00e1, j\u00e1 que o munic\u00edpio chegou aos seus 106 anos. Para marcar a data, o Governo do Maranh\u00e3o fez entregas de obras para beneficiar a popula\u00e7\u00e3o do munic\u00edpio. O governador Carlos Brand\u00e3o inaugurou o Centro Educa+ Clodomir Milet, a reforma do Mercado Municipal, obras de pavimenta\u00e7\u00e3o, abastecimento [&hellip;]<\/p>\n","protected":false},"author":1,"featured_media":0,"comment_status":"open","ping_status":"open","sticky":false,"template":"","format":"standard","meta":{"footnotes":""},"categories":[1],"tags":[],"yst_prominent_words":[],"class_list":["post-4103","post","type-post","status-publish","format-standard","hentry","category-noticia-geral"],"_links":{"self":[{"href":"https:\/\/blogomorangodonordeste.com.br\/index.php\/wp-json\/wp\/v2\/posts\/4103","targetHints":{"allow":["GET"]}}],"collection":[{"href":"https:\/\/blogomorangodonordeste.com.br\/index.php\/wp-json\/wp\/v2\/posts"}],"about":[{"href":"https:\/\/blogomorangodonordeste.com.br\/index.php\/wp-json\/wp\/v2\/types\/post"}],"author":[{"embeddable":true,"href":"https:\/\/blogomorangodonordeste.com.br\/index.php\/wp-json\/wp\/v2\/users\/1"}],"replies":[{"embeddable":true,"href":"https:\/\/blogomorangodonordeste.com.br\/index.php\/wp-json\/wp\/v2\/comments?post=4103"}],"version-history":[{"count":2,"href":"https:\/\/blogomorangodonordeste.com.br\/index.php\/wp-json\/wp\/v2\/posts\/4103\/revisions"}],"predecessor-version":[{"id":4107,"href":"https:\/\/blogomorangodonordeste.com.br\/index.php\/wp-json\/wp\/v2\/posts\/4103\/revisions\/4107"}],"wp:attachment":[{"href":"https:\/\/blogomorangodonordeste.com.br\/index.php\/wp-json\/wp\/v2\/media?parent=4103"}],"wp:term":[{"taxonomy":"category","embeddable":true,"href":"https:\/\/blogomorangodonordeste.com.br\/index.php\/wp-json\/wp\/v2\/categories?post=4103"},{"taxonomy":"post_tag","embeddable":true,"href":"https:\/\/blogomorangodonordeste.com.br\/index.php\/wp-json\/wp\/v2\/tags?post=4103"},{"taxonomy":"yst_prominent_words","embeddable":true,"href":"https:\/\/blogomorangodonordeste.com.br\/index.php\/wp-json\/wp\/v2\/yst_prominent_words?post=4103"}],"curies":[{"name":"wp","href":"https:\/\/api.w.org\/{rel}","templated":true}]}}