{"id":3889,"date":"2026-03-18T22:22:22","date_gmt":"2026-03-19T01:22:22","guid":{"rendered":"https:\/\/blogomorangodonordeste.com.br\/?p=3889"},"modified":"2026-03-18T22:22:22","modified_gmt":"2026-03-19T01:22:22","slug":"governo-do-estado-avanca-com-obras-de-infraestrutura-em-sao-jose-de-ribamar-e-amplia-frentes-de-trabalho-para-mais-quatro-bairros","status":"publish","type":"post","link":"https:\/\/blogomorangodonordeste.com.br\/index.php\/2026\/03\/18\/governo-do-estado-avanca-com-obras-de-infraestrutura-em-sao-jose-de-ribamar-e-amplia-frentes-de-trabalho-para-mais-quatro-bairros\/","title":{"rendered":"Governo do Estado avan\u00e7a com obras de infraestrutura em S\u00e3o Jos\u00e9 de Ribamar e amplia frentes de trabalho para mais quatro bairros"},"content":{"rendered":"<p><img loading=\"lazy\" decoding=\"async\" class=\"alignnone size-full wp-image-3890\" src=\"https:\/\/blogomorangodonordeste.com.br\/wp-content\/uploads\/2026\/03\/IMG-20260318-WA1403.jpg\" alt=\"\" width=\"1280\" height=\"853\" srcset=\"https:\/\/blogomorangodonordeste.com.br\/wp-content\/uploads\/2026\/03\/IMG-20260318-WA1403.jpg 1280w, https:\/\/blogomorangodonordeste.com.br\/wp-content\/uploads\/2026\/03\/IMG-20260318-WA1403-300x200.jpg 300w, https:\/\/blogomorangodonordeste.com.br\/wp-content\/uploads\/2026\/03\/IMG-20260318-WA1403-1024x682.jpg 1024w, https:\/\/blogomorangodonordeste.com.br\/wp-content\/uploads\/2026\/03\/IMG-20260318-WA1403-768x512.jpg 768w, https:\/\/blogomorangodonordeste.com.br\/wp-content\/uploads\/2026\/03\/IMG-20260318-WA1403-150x100.jpg 150w\" sizes=\"auto, (max-width: 1280px) 100vw, 1280px\" \/> <img loading=\"lazy\" decoding=\"async\" class=\"alignnone size-full wp-image-3891\" src=\"https:\/\/blogomorangodonordeste.com.br\/wp-content\/uploads\/2026\/03\/IMG-20260318-WA1405.jpg\" alt=\"\" width=\"1280\" height=\"853\" srcset=\"https:\/\/blogomorangodonordeste.com.br\/wp-content\/uploads\/2026\/03\/IMG-20260318-WA1405.jpg 1280w, https:\/\/blogomorangodonordeste.com.br\/wp-content\/uploads\/2026\/03\/IMG-20260318-WA1405-300x200.jpg 300w, https:\/\/blogomorangodonordeste.com.br\/wp-content\/uploads\/2026\/03\/IMG-20260318-WA1405-1024x682.jpg 1024w, https:\/\/blogomorangodonordeste.com.br\/wp-content\/uploads\/2026\/03\/IMG-20260318-WA1405-768x512.jpg 768w, https:\/\/blogomorangodonordeste.com.br\/wp-content\/uploads\/2026\/03\/IMG-20260318-WA1405-150x100.jpg 150w\" sizes=\"auto, (max-width: 1280px) 100vw, 1280px\" \/> <img loading=\"lazy\" decoding=\"async\" class=\"alignnone size-full wp-image-3892\" src=\"https:\/\/blogomorangodonordeste.com.br\/wp-content\/uploads\/2026\/03\/IMG-20260318-WA1406.jpg\" alt=\"\" width=\"1280\" height=\"853\" srcset=\"https:\/\/blogomorangodonordeste.com.br\/wp-content\/uploads\/2026\/03\/IMG-20260318-WA1406.jpg 1280w, https:\/\/blogomorangodonordeste.com.br\/wp-content\/uploads\/2026\/03\/IMG-20260318-WA1406-300x200.jpg 300w, https:\/\/blogomorangodonordeste.com.br\/wp-content\/uploads\/2026\/03\/IMG-20260318-WA1406-1024x682.jpg 1024w, https:\/\/blogomorangodonordeste.com.br\/wp-content\/uploads\/2026\/03\/IMG-20260318-WA1406-768x512.jpg 768w, https:\/\/blogomorangodonordeste.com.br\/wp-content\/uploads\/2026\/03\/IMG-20260318-WA1406-150x100.jpg 150w\" sizes=\"auto, (max-width: 1280px) 100vw, 1280px\" \/><\/p>\n<p>&nbsp;<\/p>\n<p>O maior programa de investimento na infraestrutura vi\u00e1ria de S\u00e3o Jos\u00e9 de Ribamar avan\u00e7ou com novas frentes de trabalho, agora nos bairros Parque Ara\u00e7agy, Vila Sarney Filho II, Jota Lima e Vila Kiola. O secret\u00e1rio de Assuntos Municipalistas, Orleans Brand\u00e3o, representando o governador Carlos Brand\u00e3o, esteve nas comunidades, nesta quarta-feira (18), para lan\u00e7ar o projeto nas \u00e1reas que ser\u00e3o contempladas com servi\u00e7os de pavimenta\u00e7\u00e3o asf\u00e1ltica e bloquetes.<\/p>\n<p>&nbsp;<\/p>\n<p>Durante o lan\u00e7amento, o secret\u00e1rio Orleans Brand\u00e3o destacou a dimens\u00e3o do projeto e o impacto direto na vida dos moradores. \u201cEstamos iniciando mais quatro frentes de trabalho, dentro do maior pacote de infraestrutura j\u00e1 realizado na hist\u00f3ria de S\u00e3o Jos\u00e9 de Ribamar, uma determina\u00e7\u00e3o do governador Carlos Brand\u00e3o. O que queremos \u00e9 ajudar a cidade, tirar as pessoas dessa situa\u00e7\u00e3o e garantir mais qualidade de vida para todos\u201d, afirmou.<\/p>\n<p>&nbsp;<\/p>\n<p>As interven\u00e7\u00f5es fazem parte de um amplo pacote que prev\u00ea cerca de 100 quil\u00f4metros de pavimenta\u00e7\u00e3o, abrangendo aproximadamente 350 ruas em todo o munic\u00edpio. A iniciativa tem como objetivo transformar a realidade da infraestrutura local, melhorar a mobilidade urbana e garantir mais dignidade \u00e0 popula\u00e7\u00e3o.<\/p>\n<p>&nbsp;<\/p>\n<p>O projeto prev\u00ea para esses bairros cerca de 19 quil\u00f4metros de pavimenta\u00e7\u00e3o. S\u00f3 no Parque Ara\u00e7agy, ser\u00e3o asfaltadas 15 vias, compreendendo mais de cinco quil\u00f4metros de pavimenta\u00e7\u00e3o. Os servi\u00e7os no bairro iniciaram pela Rua do Vinho, em toda a sua extens\u00e3o, at\u00e9 a conflu\u00eancia da Avenida General Arthur Carvalho.<\/p>\n<p>&nbsp;<\/p>\n<p>J\u00e1 nas comunidades Vila Sarney Filho II e Jota Lima, o programa vai implantar mais 13 quil\u00f4metros de pavimenta\u00e7\u00e3o, beneficiando 27 ruas. Na Vila Kiola, ser\u00e3o executados tr\u00eas quil\u00f4metros de cal\u00e7amento com blocos de concreto em oito vias.<\/p>\n<p>&nbsp;<\/p>\n<p>*Impacto*<\/p>\n<p>&nbsp;<\/p>\n<p>O vereador Ednilson do Kant\u00e3o ressaltou a import\u00e2ncia das obras para o munic\u00edpio. Segundo ele, as interven\u00e7\u00f5es representam um passo decisivo para enfrentar problemas hist\u00f3ricos de infraestrutura. \u201cEsse conjunto de obras chega para resolver demandas antigas da popula\u00e7\u00e3o. \u00c9 um investimento essencial que vai melhorar o acesso, a mobilidade e as condi\u00e7\u00f5es de vida em diversos bairros\u201d, pontuou.<\/p>\n<p>&nbsp;<\/p>\n<p>Moradora antiga do Parque Ara\u00e7agy, Maria de Lourdes Gomes relata as dificuldades enfrentadas diariamente pela comunidade, especialmente no per\u00edodo chuvoso, e a expectativa por melhorias com a chegada das obras.<\/p>\n<p>&nbsp;<\/p>\n<p>\u201cEu moro aqui h\u00e1 30 anos e a gente esperava por esses servi\u00e7os h\u00e1 muito tempo. Quando chove, ningu\u00e9m consegue andar nas ruas, fica tudo cheio de lama. Agora, com essa pavimenta\u00e7\u00e3o, a nossa realidade vai mudar para melhor\u201d, disse Lourdes.<\/p>\n<p>&nbsp;<\/p>\n<p>Tamb\u00e9m moradora da regi\u00e3o h\u00e1 mais de 20 anos, Loide de Oliveira destacou a expectativa e a esperan\u00e7a da comunidade com a chegada das obras de pavimenta\u00e7\u00e3o. \u201cDepois de tantos anos esperando, agora tenho f\u00e9 de que finalmente teremos ruas asfaltadas e dignas para todos n\u00f3s\u201d, ressaltou.<\/p>\n<p>&nbsp;<\/p>\n<p>Presente ao ato de lan\u00e7amento das obras, o ex-vereador Dudu Diniz tamb\u00e9m destacou o esfor\u00e7o coletivo das lideran\u00e7as pol\u00edticas. \u201cH\u00e1 um empenho de todos os vereadores na busca por melhorias para os bairros. \u00c9 importante reconhecer o atendimento dessas demandas pelo governador Carlos Brand\u00e3o, que tem olhado com aten\u00e7\u00e3o para S\u00e3o Jos\u00e9 de Ribamar\u201d, afirmou.<\/p>\n<p>&nbsp;<\/p>\n<p>Tamb\u00e9m participaram do ato os vereadores de S\u00e3o Jos\u00e9 de Ribamar, Jo\u00e3o Carlos, Alana Cardoso, Juliano, M\u00e1rio Santos, Neguinho do Parque Jair, Fik-Fik, R\u00f4mulo Lourinho, Marcos Fraz\u00e3o, entre outras lideran\u00e7as pol\u00edticas e comunit\u00e1rias do munic\u00edpio. Marcaram presen\u00e7a ainda o secret\u00e1rio chefe de Governadoria, Luis Fernando e o secret\u00e1rio adjunto de Articula\u00e7\u00e3o Pol\u00edtica, Jota Pinto.<\/p>\n<p>&nbsp;<\/p>\n<p>*O programa*<\/p>\n<p>&nbsp;<\/p>\n<p>O programa de investimento na infraestrutura de Ribamar foi lan\u00e7ado no dia 24 de fevereiro, com in\u00edcio das obras nos bairros Jardim Tropical, Parque Jair e Jardim Turu. Somente no Jardim Tropical, est\u00e3o sendo executados 13 quil\u00f4metros de asfaltamento, contemplando todo o bairro.<\/p>\n<p>&nbsp;<\/p>\n<p>Ao todo, ser\u00e3o cerca de 100 quil\u00f4metros de pavimenta\u00e7\u00e3o, abrangendo 350 ruas.<\/p>\n","protected":false},"excerpt":{"rendered":"<p>&nbsp; O maior programa de investimento na infraestrutura vi\u00e1ria de S\u00e3o Jos\u00e9 de Ribamar avan\u00e7ou com novas frentes de trabalho, agora nos bairros Parque Ara\u00e7agy, Vila Sarney Filho II, Jota Lima e Vila Kiola. O secret\u00e1rio de Assuntos Municipalistas, Orleans Brand\u00e3o, representando o governador Carlos Brand\u00e3o, esteve nas comunidades, nesta quarta-feira (18), para lan\u00e7ar o [&hellip;]<\/p>\n","protected":false},"author":1,"featured_media":0,"comment_status":"open","ping_status":"open","sticky":false,"template":"","format":"standard","meta":{"footnotes":""},"categories":[1],"tags":[],"yst_prominent_words":[],"class_list":["post-3889","post","type-post","status-publish","format-standard","hentry","category-noticia-geral"],"_links":{"self":[{"href":"https:\/\/blogomorangodonordeste.com.br\/index.php\/wp-json\/wp\/v2\/posts\/3889","targetHints":{"allow":["GET"]}}],"collection":[{"href":"https:\/\/blogomorangodonordeste.com.br\/index.php\/wp-json\/wp\/v2\/posts"}],"about":[{"href":"https:\/\/blogomorangodonordeste.com.br\/index.php\/wp-json\/wp\/v2\/types\/post"}],"author":[{"embeddable":true,"href":"https:\/\/blogomorangodonordeste.com.br\/index.php\/wp-json\/wp\/v2\/users\/1"}],"replies":[{"embeddable":true,"href":"https:\/\/blogomorangodonordeste.com.br\/index.php\/wp-json\/wp\/v2\/comments?post=3889"}],"version-history":[{"count":1,"href":"https:\/\/blogomorangodonordeste.com.br\/index.php\/wp-json\/wp\/v2\/posts\/3889\/revisions"}],"predecessor-version":[{"id":3893,"href":"https:\/\/blogomorangodonordeste.com.br\/index.php\/wp-json\/wp\/v2\/posts\/3889\/revisions\/3893"}],"wp:attachment":[{"href":"https:\/\/blogomorangodonordeste.com.br\/index.php\/wp-json\/wp\/v2\/media?parent=3889"}],"wp:term":[{"taxonomy":"category","embeddable":true,"href":"https:\/\/blogomorangodonordeste.com.br\/index.php\/wp-json\/wp\/v2\/categories?post=3889"},{"taxonomy":"post_tag","embeddable":true,"href":"https:\/\/blogomorangodonordeste.com.br\/index.php\/wp-json\/wp\/v2\/tags?post=3889"},{"taxonomy":"yst_prominent_words","embeddable":true,"href":"https:\/\/blogomorangodonordeste.com.br\/index.php\/wp-json\/wp\/v2\/yst_prominent_words?post=3889"}],"curies":[{"name":"wp","href":"https:\/\/api.w.org\/{rel}","templated":true}]}}