{"id":3878,"date":"2026-03-17T18:39:15","date_gmt":"2026-03-17T21:39:15","guid":{"rendered":"https:\/\/blogomorangodonordeste.com.br\/?p=3878"},"modified":"2026-03-17T18:39:15","modified_gmt":"2026-03-17T21:39:15","slug":"carlos-brandao-toma-posse-na-presidencia-do-consorcio-amazonia-legal-e-reforca-agenda-de-desenvolvimento-sustentavel","status":"publish","type":"post","link":"https:\/\/blogomorangodonordeste.com.br\/index.php\/2026\/03\/17\/carlos-brandao-toma-posse-na-presidencia-do-consorcio-amazonia-legal-e-reforca-agenda-de-desenvolvimento-sustentavel\/","title":{"rendered":"Carlos Brand\u00e3o toma posse na presid\u00eancia do Cons\u00f3rcio Amaz\u00f4nia Legal e refor\u00e7a agenda de desenvolvimento sustent\u00e1vel"},"content":{"rendered":"<p><img loading=\"lazy\" decoding=\"async\" class=\"alignnone size-full wp-image-3879\" src=\"https:\/\/blogomorangodonordeste.com.br\/wp-content\/uploads\/2026\/03\/IMG-20260317-WA0289.jpg\" alt=\"\" width=\"720\" height=\"440\" srcset=\"https:\/\/blogomorangodonordeste.com.br\/wp-content\/uploads\/2026\/03\/IMG-20260317-WA0289.jpg 720w, https:\/\/blogomorangodonordeste.com.br\/wp-content\/uploads\/2026\/03\/IMG-20260317-WA0289-300x183.jpg 300w\" sizes=\"auto, (max-width: 720px) 100vw, 720px\" \/><\/p>\n<p>&nbsp;<\/p>\n<p>O governador do Maranh\u00e3o, Carlos Brand\u00e3o, tomou posse como presidente do Cons\u00f3rcio Interestadual de Desenvolvimento Sustent\u00e1vel da Amaz\u00f4nia Legal durante a abertura do 29\u00ba F\u00f3rum de Governadores, realizado nesta segunda (16) e ter\u00e7a-feira (17), no Hotel Blue Tree, no bairro Calhau, em S\u00e3o Lu\u00eds.<\/p>\n<p>&nbsp;<\/p>\n<p>Eleito por unanimidade no in\u00edcio deste ano, Brand\u00e3o assume a miss\u00e3o de fortalecer a coopera\u00e7\u00e3o entre os nove estados que comp\u00f5em a Amaz\u00f4nia Legal, Acre, Amap\u00e1, Amazonas, Mato Grosso, Maranh\u00e3o, Par\u00e1, Rond\u00f4nia, Roraima e Tocantins, al\u00e9m de ampliar o di\u00e1logo federativo e impulsionar agendas voltadas ao desenvolvimento sustent\u00e1vel da regi\u00e3o, envolvendo desafios ambientais e socioecon\u00f4micos.<\/p>\n<p>&nbsp;<\/p>\n<p>Durante a solenidade de posse, o governador destacou os principais compromissos \u00e0 frente do cons\u00f3rcio, com foco na preserva\u00e7\u00e3o ambiental e na atra\u00e7\u00e3o de investimentos.<\/p>\n<p>&nbsp;<\/p>\n<p>\u201cTomamos posse com o desafio de ter uma Amaz\u00f4nia preservada, reduzir o desmatamento e enfrentar as mudan\u00e7as clim\u00e1ticas, al\u00e9m de prospectar investimentos em n\u00edvel nacional e internacional. Teremos a assinatura de R$ 53 milh\u00f5es do Fundo Amaz\u00f4nia, com recursos da Alemanha, para regulariza\u00e7\u00e3o fundi\u00e1ria, que \u00e9 uma das prioridades do nosso governo. Tamb\u00e9m avan\u00e7amos recentemente com investimentos de R$ 45 milh\u00f5es para equipar o Corpo de Bombeiros\u201d, afirmou.<\/p>\n<p>&nbsp;<\/p>\n<p>A secret\u00e1ria executiva do cons\u00f3rcio, Vanessa Duarte, tamb\u00e9m destacou novas iniciativas que devem ser incorporadas \u00e0 atua\u00e7\u00e3o do colegiado, como o fortalecimento do turismo sustent\u00e1vel na regi\u00e3o.<\/p>\n<p>&nbsp;<\/p>\n<p>\u201cO Cons\u00f3rcio da Amaz\u00f4nia trabalha atualmente com 12 c\u00e2maras setoriais e o governador Carlos Brand\u00e3o trouxe uma nova frente, que \u00e9 o turismo sustent\u00e1vel. J\u00e1 estamos trabalhando nessa concep\u00e7\u00e3o\u201d, explicou.<\/p>\n<p>&nbsp;<\/p>\n<p>O primeiro dia do evento tamb\u00e9m foi marcado por reuni\u00f5es t\u00e9cnicas das c\u00e2maras setoriais do cons\u00f3rcio, que discutiram temas como agricultura e economia verde, meio ambiente, planejamento estrat\u00e9gico, governan\u00e7a fundi\u00e1ria, seguran\u00e7a p\u00fablica e povos ind\u00edgenas.<\/p>\n<p>&nbsp;<\/p>\n<p>Ainda durante a programa\u00e7\u00e3o, o governador se reuniu com o embaixador da Noruega no Brasil, Kjetil Elsebutangen, para tratar de parcerias em \u00e1reas como meio ambiente, agricultura e com\u00e9rcio sustent\u00e1vel.<\/p>\n","protected":false},"excerpt":{"rendered":"<p>&nbsp; O governador do Maranh\u00e3o, Carlos Brand\u00e3o, tomou posse como presidente do Cons\u00f3rcio Interestadual de Desenvolvimento Sustent\u00e1vel da Amaz\u00f4nia Legal durante a abertura do 29\u00ba F\u00f3rum de Governadores, realizado nesta segunda (16) e ter\u00e7a-feira (17), no Hotel Blue Tree, no bairro Calhau, em S\u00e3o Lu\u00eds. &nbsp; Eleito por unanimidade no in\u00edcio deste ano, Brand\u00e3o assume [&hellip;]<\/p>\n","protected":false},"author":1,"featured_media":0,"comment_status":"open","ping_status":"open","sticky":false,"template":"","format":"standard","meta":{"footnotes":""},"categories":[1],"tags":[],"yst_prominent_words":[],"class_list":["post-3878","post","type-post","status-publish","format-standard","hentry","category-noticia-geral"],"_links":{"self":[{"href":"https:\/\/blogomorangodonordeste.com.br\/index.php\/wp-json\/wp\/v2\/posts\/3878","targetHints":{"allow":["GET"]}}],"collection":[{"href":"https:\/\/blogomorangodonordeste.com.br\/index.php\/wp-json\/wp\/v2\/posts"}],"about":[{"href":"https:\/\/blogomorangodonordeste.com.br\/index.php\/wp-json\/wp\/v2\/types\/post"}],"author":[{"embeddable":true,"href":"https:\/\/blogomorangodonordeste.com.br\/index.php\/wp-json\/wp\/v2\/users\/1"}],"replies":[{"embeddable":true,"href":"https:\/\/blogomorangodonordeste.com.br\/index.php\/wp-json\/wp\/v2\/comments?post=3878"}],"version-history":[{"count":1,"href":"https:\/\/blogomorangodonordeste.com.br\/index.php\/wp-json\/wp\/v2\/posts\/3878\/revisions"}],"predecessor-version":[{"id":3880,"href":"https:\/\/blogomorangodonordeste.com.br\/index.php\/wp-json\/wp\/v2\/posts\/3878\/revisions\/3880"}],"wp:attachment":[{"href":"https:\/\/blogomorangodonordeste.com.br\/index.php\/wp-json\/wp\/v2\/media?parent=3878"}],"wp:term":[{"taxonomy":"category","embeddable":true,"href":"https:\/\/blogomorangodonordeste.com.br\/index.php\/wp-json\/wp\/v2\/categories?post=3878"},{"taxonomy":"post_tag","embeddable":true,"href":"https:\/\/blogomorangodonordeste.com.br\/index.php\/wp-json\/wp\/v2\/tags?post=3878"},{"taxonomy":"yst_prominent_words","embeddable":true,"href":"https:\/\/blogomorangodonordeste.com.br\/index.php\/wp-json\/wp\/v2\/yst_prominent_words?post=3878"}],"curies":[{"name":"wp","href":"https:\/\/api.w.org\/{rel}","templated":true}]}}