{"id":3872,"date":"2026-03-16T22:22:57","date_gmt":"2026-03-17T01:22:57","guid":{"rendered":"https:\/\/blogomorangodonordeste.com.br\/?p=3872"},"modified":"2026-03-16T22:22:57","modified_gmt":"2026-03-17T01:22:57","slug":"orleans-brandao-participa-do-29o-forum-de-governadores-da-amazonia-legal-em-sao-luis","status":"publish","type":"post","link":"https:\/\/blogomorangodonordeste.com.br\/index.php\/2026\/03\/16\/orleans-brandao-participa-do-29o-forum-de-governadores-da-amazonia-legal-em-sao-luis\/","title":{"rendered":"Orleans Brand\u00e3o participa do 29\u00ba F\u00f3rum de Governadores da Amaz\u00f4nia Legal, em S\u00e3o Lu\u00eds"},"content":{"rendered":"<p><img loading=\"lazy\" decoding=\"async\" class=\"alignnone size-full wp-image-3873\" src=\"https:\/\/blogomorangodonordeste.com.br\/wp-content\/uploads\/2026\/03\/IMG-20260316-WA0925.jpg\" alt=\"\" width=\"1280\" height=\"854\" srcset=\"https:\/\/blogomorangodonordeste.com.br\/wp-content\/uploads\/2026\/03\/IMG-20260316-WA0925.jpg 1280w, https:\/\/blogomorangodonordeste.com.br\/wp-content\/uploads\/2026\/03\/IMG-20260316-WA0925-300x200.jpg 300w, https:\/\/blogomorangodonordeste.com.br\/wp-content\/uploads\/2026\/03\/IMG-20260316-WA0925-1024x683.jpg 1024w, https:\/\/blogomorangodonordeste.com.br\/wp-content\/uploads\/2026\/03\/IMG-20260316-WA0925-768x512.jpg 768w, https:\/\/blogomorangodonordeste.com.br\/wp-content\/uploads\/2026\/03\/IMG-20260316-WA0925-150x100.jpg 150w\" sizes=\"auto, (max-width: 1280px) 100vw, 1280px\" \/> <img loading=\"lazy\" decoding=\"async\" class=\"alignnone size-full wp-image-3874\" src=\"https:\/\/blogomorangodonordeste.com.br\/wp-content\/uploads\/2026\/03\/IMG-20260316-WA0926.jpg\" alt=\"\" width=\"1280\" height=\"854\" srcset=\"https:\/\/blogomorangodonordeste.com.br\/wp-content\/uploads\/2026\/03\/IMG-20260316-WA0926.jpg 1280w, https:\/\/blogomorangodonordeste.com.br\/wp-content\/uploads\/2026\/03\/IMG-20260316-WA0926-300x200.jpg 300w, https:\/\/blogomorangodonordeste.com.br\/wp-content\/uploads\/2026\/03\/IMG-20260316-WA0926-1024x683.jpg 1024w, https:\/\/blogomorangodonordeste.com.br\/wp-content\/uploads\/2026\/03\/IMG-20260316-WA0926-768x512.jpg 768w, https:\/\/blogomorangodonordeste.com.br\/wp-content\/uploads\/2026\/03\/IMG-20260316-WA0926-150x100.jpg 150w\" sizes=\"auto, (max-width: 1280px) 100vw, 1280px\" \/> <img loading=\"lazy\" decoding=\"async\" class=\"alignnone size-full wp-image-3875\" src=\"https:\/\/blogomorangodonordeste.com.br\/wp-content\/uploads\/2026\/03\/IMG-20260316-WA0923.jpg\" alt=\"\" width=\"1280\" height=\"854\" srcset=\"https:\/\/blogomorangodonordeste.com.br\/wp-content\/uploads\/2026\/03\/IMG-20260316-WA0923.jpg 1280w, https:\/\/blogomorangodonordeste.com.br\/wp-content\/uploads\/2026\/03\/IMG-20260316-WA0923-300x200.jpg 300w, https:\/\/blogomorangodonordeste.com.br\/wp-content\/uploads\/2026\/03\/IMG-20260316-WA0923-1024x683.jpg 1024w, https:\/\/blogomorangodonordeste.com.br\/wp-content\/uploads\/2026\/03\/IMG-20260316-WA0923-768x512.jpg 768w, https:\/\/blogomorangodonordeste.com.br\/wp-content\/uploads\/2026\/03\/IMG-20260316-WA0923-150x100.jpg 150w\" sizes=\"auto, (max-width: 1280px) 100vw, 1280px\" \/> <img loading=\"lazy\" decoding=\"async\" class=\"alignnone size-full wp-image-3876\" src=\"https:\/\/blogomorangodonordeste.com.br\/wp-content\/uploads\/2026\/03\/IMG-20260316-WA0924.jpg\" alt=\"\" width=\"1280\" height=\"854\" srcset=\"https:\/\/blogomorangodonordeste.com.br\/wp-content\/uploads\/2026\/03\/IMG-20260316-WA0924.jpg 1280w, https:\/\/blogomorangodonordeste.com.br\/wp-content\/uploads\/2026\/03\/IMG-20260316-WA0924-300x200.jpg 300w, https:\/\/blogomorangodonordeste.com.br\/wp-content\/uploads\/2026\/03\/IMG-20260316-WA0924-1024x683.jpg 1024w, https:\/\/blogomorangodonordeste.com.br\/wp-content\/uploads\/2026\/03\/IMG-20260316-WA0924-768x512.jpg 768w, https:\/\/blogomorangodonordeste.com.br\/wp-content\/uploads\/2026\/03\/IMG-20260316-WA0924-150x100.jpg 150w\" sizes=\"auto, (max-width: 1280px) 100vw, 1280px\" \/><\/p>\n<p>O secret\u00e1rio de Assuntos Municipalistas, Orleans Brand\u00e3o, participou nesta segunda-feira (16) da abertura oficial do 29\u00ba F\u00f3rum de Governadores da Amaz\u00f4nia Legal, realizado em S\u00e3o Lu\u00eds. O secret\u00e1rio acompanhou o governador Carlos Brand\u00e3o, que durante o evento assumir\u00e1 a presid\u00eancia do Cons\u00f3rcio para o ano de 2026, sucedendo o governador do Par\u00e1, Helder Barbalho.<\/p>\n<p>&nbsp;<\/p>\n<p>Pela manh\u00e3, o governador e Orleans deram as boas-vindas aos participantes e acompanharam o in\u00edcio dos trabalhos das C\u00e2maras Setoriais.<\/p>\n<p>&nbsp;<\/p>\n<p>Para Orleans Brand\u00e3o, que faz parte do n\u00facleo estrat\u00e9gico do Governo do Maranh\u00e3o, a participa\u00e7\u00e3o no encontro representa uma oportunidade de fortalecer o di\u00e1logo entre o governo estadual, os demais estados que comp\u00f5em o bloco e os munic\u00edpios maranhenses, especialmente em temas ligados ao desenvolvimento sustent\u00e1vel, \u00e0 regulariza\u00e7\u00e3o fundi\u00e1ria e \u00e0s pol\u00edticas p\u00fablicas voltadas \u00e0 agricultura.<\/p>\n<p>&nbsp;<\/p>\n<p>Segundo o secret\u00e1rio, o f\u00f3rum tamb\u00e9m abre espa\u00e7o para a prospec\u00e7\u00e3o de novos neg\u00f3cios, ampliar parcerias institucionais e alinhar estrat\u00e9gias que possam gerar benef\u00edcios concretos para as cidades maranhenses e ao fortalecimento do municipalismo.<\/p>\n<p>&nbsp;<\/p>\n<p>\u201cEste \u00e9 um espa\u00e7o importante de constru\u00e7\u00e3o coletiva de pol\u00edticas p\u00fablicas. A Amaz\u00f4nia Legal tem desafios que impactam diretamente os munic\u00edpios, desde a regulariza\u00e7\u00e3o fundi\u00e1ria at\u00e9 o desenvolvimento sustent\u00e1vel e a seguran\u00e7a nas \u00e1reas de fronteira, por exemplo. Participar deste debate permite alinhar pol\u00edticas e buscar solu\u00e7\u00f5es integradas que cheguem efetivamente \u00e0 nossa popula\u00e7\u00e3o\u201d, frisou Orleans.<\/p>\n<p>&nbsp;<\/p>\n<p>*Temas*<\/p>\n<p>&nbsp;<\/p>\n<p>Dividido por C\u00e2maras Setoriais, durante dois dias o f\u00f3rum re\u00fane os chefes do Executivo dos nove estados que integram a Amaz\u00f4nia Legal para firmar compromissos transversais e apresentar entregas pr\u00e1ticas para a regi\u00e3o.<\/p>\n<p>&nbsp;<\/p>\n<p>As c\u00e2maras tem\u00e1ticas debatem \u00e1reas como Governan\u00e7a, Planejamento e Gest\u00e3o Estrat\u00e9gica; Agricultura e Economia Verde; Seguran\u00e7a P\u00fablica; Meio Ambiente e Desenvolvimento Sustent\u00e1vel; e Povos Ind\u00edgenas.<\/p>\n<p>&nbsp;<\/p>\n<p>Entre os principais assuntos abordados est\u00e3o governan\u00e7a fundi\u00e1ria, agricultura e economia verde, bioeconomia, al\u00e9m de temas relacionados \u00e0 faixa de fronteira e seguran\u00e7a e ao Plano Regional de Regulariza\u00e7\u00e3o Fundi\u00e1ria.<\/p>\n<p>&nbsp;<\/p>\n<p>A programa\u00e7\u00e3o tamb\u00e9m inclui a discuss\u00e3o de propostas como a cria\u00e7\u00e3o de um Circuito Regional de Feiras da Agricultura Familiar e a compra compartilhada de equipamentos entre os estados.<\/p>\n<p>&nbsp;<\/p>\n<p>Outro destaque foi a apresenta\u00e7\u00e3o do case do Maranh\u00e3o no Plano ABC+, voltado ao interc\u00e2mbio de experi\u00eancias em agricultura de baixa emiss\u00e3o de carbono. Tamb\u00e9m est\u00e3o sendo discutidas no evento a proposta de elabora\u00e7\u00e3o de um Plano Estadual de Combate aos Crimes Ambientais e iniciativas do Parlamento com potencial de articula\u00e7\u00e3o com a Estrat\u00e9gia Amaz\u00f4nia.<\/p>\n<p>&nbsp;<\/p>\n<p>O encontro segue at\u00e9 esta ter\u00e7a-feira (17), no Blue Tree Hotel, reunindo gestores e representantes institucionais em torno de solu\u00e7\u00f5es conjuntas para o desenvolvimento sustent\u00e1vel da Regi\u00e3o Amaz\u00f4nica.<\/p>\n","protected":false},"excerpt":{"rendered":"<p>O secret\u00e1rio de Assuntos Municipalistas, Orleans Brand\u00e3o, participou nesta segunda-feira (16) da abertura oficial do 29\u00ba F\u00f3rum de Governadores da Amaz\u00f4nia Legal, realizado em S\u00e3o Lu\u00eds. O secret\u00e1rio acompanhou o governador Carlos Brand\u00e3o, que durante o evento assumir\u00e1 a presid\u00eancia do Cons\u00f3rcio para o ano de 2026, sucedendo o governador do Par\u00e1, Helder Barbalho. &nbsp; [&hellip;]<\/p>\n","protected":false},"author":1,"featured_media":0,"comment_status":"open","ping_status":"open","sticky":false,"template":"","format":"standard","meta":{"footnotes":""},"categories":[1],"tags":[],"yst_prominent_words":[],"class_list":["post-3872","post","type-post","status-publish","format-standard","hentry","category-noticia-geral"],"_links":{"self":[{"href":"https:\/\/blogomorangodonordeste.com.br\/index.php\/wp-json\/wp\/v2\/posts\/3872","targetHints":{"allow":["GET"]}}],"collection":[{"href":"https:\/\/blogomorangodonordeste.com.br\/index.php\/wp-json\/wp\/v2\/posts"}],"about":[{"href":"https:\/\/blogomorangodonordeste.com.br\/index.php\/wp-json\/wp\/v2\/types\/post"}],"author":[{"embeddable":true,"href":"https:\/\/blogomorangodonordeste.com.br\/index.php\/wp-json\/wp\/v2\/users\/1"}],"replies":[{"embeddable":true,"href":"https:\/\/blogomorangodonordeste.com.br\/index.php\/wp-json\/wp\/v2\/comments?post=3872"}],"version-history":[{"count":1,"href":"https:\/\/blogomorangodonordeste.com.br\/index.php\/wp-json\/wp\/v2\/posts\/3872\/revisions"}],"predecessor-version":[{"id":3877,"href":"https:\/\/blogomorangodonordeste.com.br\/index.php\/wp-json\/wp\/v2\/posts\/3872\/revisions\/3877"}],"wp:attachment":[{"href":"https:\/\/blogomorangodonordeste.com.br\/index.php\/wp-json\/wp\/v2\/media?parent=3872"}],"wp:term":[{"taxonomy":"category","embeddable":true,"href":"https:\/\/blogomorangodonordeste.com.br\/index.php\/wp-json\/wp\/v2\/categories?post=3872"},{"taxonomy":"post_tag","embeddable":true,"href":"https:\/\/blogomorangodonordeste.com.br\/index.php\/wp-json\/wp\/v2\/tags?post=3872"},{"taxonomy":"yst_prominent_words","embeddable":true,"href":"https:\/\/blogomorangodonordeste.com.br\/index.php\/wp-json\/wp\/v2\/yst_prominent_words?post=3872"}],"curies":[{"name":"wp","href":"https:\/\/api.w.org\/{rel}","templated":true}]}}