{"id":3866,"date":"2026-03-16T11:45:43","date_gmt":"2026-03-16T14:45:43","guid":{"rendered":"https:\/\/blogomorangodonordeste.com.br\/?p=3866"},"modified":"2026-03-16T11:45:43","modified_gmt":"2026-03-16T14:45:43","slug":"greve-de-onibus-chega-ao-quarto-dia-em-sao-luis-e-passageiros-enfrentam-dificuldades-para-se-deslocar","status":"publish","type":"post","link":"https:\/\/blogomorangodonordeste.com.br\/index.php\/2026\/03\/16\/greve-de-onibus-chega-ao-quarto-dia-em-sao-luis-e-passageiros-enfrentam-dificuldades-para-se-deslocar\/","title":{"rendered":"Greve de \u00f4nibus chega ao quarto dia em S\u00e3o Lu\u00eds e passageiros enfrentam dificuldades para se deslocar"},"content":{"rendered":"<p><img loading=\"lazy\" decoding=\"async\" class=\"alignnone size-full wp-image-3867\" src=\"https:\/\/blogomorangodonordeste.com.br\/wp-content\/uploads\/2026\/03\/IMG-20260316-WA0284.jpg\" alt=\"\" width=\"1280\" height=\"720\" srcset=\"https:\/\/blogomorangodonordeste.com.br\/wp-content\/uploads\/2026\/03\/IMG-20260316-WA0284.jpg 1280w, https:\/\/blogomorangodonordeste.com.br\/wp-content\/uploads\/2026\/03\/IMG-20260316-WA0284-300x169.jpg 300w, https:\/\/blogomorangodonordeste.com.br\/wp-content\/uploads\/2026\/03\/IMG-20260316-WA0284-1024x576.jpg 1024w, https:\/\/blogomorangodonordeste.com.br\/wp-content\/uploads\/2026\/03\/IMG-20260316-WA0284-768x432.jpg 768w\" sizes=\"auto, (max-width: 1280px) 100vw, 1280px\" \/><\/p>\n<p>&nbsp;<\/p>\n<p>A greve de \u00f4nibus em S\u00e3o Lu\u00eds continua sem previs\u00e3o de encerramento. Nesta segunda-feira (16), quarto dia da paralisa\u00e7\u00e3o parcial dos rodovi\u00e1rios, apenas \u00f4nibus do sistema semiurbano circulam na Grande Ilha, enquanto as linhas do sistema urbano seguem suspensas.<\/p>\n<p>&nbsp;<\/p>\n<p>Nas primeiras horas da manh\u00e3, passageiros aguardavam transporte em frente ao Terminal da Cohab, j\u00e1 que os \u00f4nibus n\u00e3o est\u00e3o entrando no local para realizar a integra\u00e7\u00e3o. Diante da falta de coletivos, muitas pessoas t\u00eam recorrido a alternativas como motot\u00e1xi, vans, carrinhos-lota\u00e7\u00e3o e carros por aplicativo para conseguir chegar ao trabalho e a outros compromissos.<\/p>\n<p>&nbsp;<\/p>\n<p>Minist\u00e9rio P\u00fablico tenta intermediar acordo<\/p>\n<p>&nbsp;<\/p>\n<p>Na tentativa de avan\u00e7ar nas negocia\u00e7\u00f5es e encontrar uma solu\u00e7\u00e3o para o impasse, o Minist\u00e9rio P\u00fablico do Maranh\u00e3o, por meio da 2\u00aa Promotoria de Defesa do Consumidor, realiza nesta segunda-feira duas reuni\u00f5es para discutir a situa\u00e7\u00e3o do transporte p\u00fablico na capital.<\/p>\n<p>&nbsp;<\/p>\n<p>A promotora do consumidor L\u00edtia Cavalcante informou, em entrevista ao programa Mirante News Hoje, que os encontros t\u00eam como objetivo buscar uma solu\u00e7\u00e3o r\u00e1pida para reduzir os preju\u00edzos \u00e0 popula\u00e7\u00e3o.<\/p>\n<p>&nbsp;<\/p>\n<p>\u201cNesse momento n\u00f3s estamos tentando resolver o mais r\u00e1pido poss\u00edvel a situa\u00e7\u00e3o do consumo e do usu\u00e1rio. Ent\u00e3o, pra isso, a melhor forma \u00e9 a negocia\u00e7\u00e3o\u201d, afirmou.<\/p>\n<p>&nbsp;<\/p>\n<p>As reuni\u00f5es ser\u00e3o realizadas na sede da promotoria, no Centro da capital. A primeira est\u00e1 marcada para as 10h e tratar\u00e1 do sistema semiurbano, com a participa\u00e7\u00e3o de representantes da Ag\u00eancia Estadual de Mobilidade Urbana e Servi\u00e7os P\u00fablicos e do Sindicato das Empresas de Transporte de Passageiros de S\u00e3o Lu\u00eds.<\/p>\n<p>&nbsp;<\/p>\n<p>J\u00e1 o segundo encontro, previsto para as 14h, discutir\u00e1 a situa\u00e7\u00e3o do transporte urbano e contar\u00e1 com a presen\u00e7a de representantes dos rodovi\u00e1rios, das empresas e da Secretaria Municipal de Tr\u00e2nsito e Transportes de S\u00e3o Lu\u00eds. O objetivo \u00e9 buscar um entendimento entre as partes e restabelecer o funcionamento do sistema de transporte coletivo na capital.<\/p>\n","protected":false},"excerpt":{"rendered":"<p>&nbsp; A greve de \u00f4nibus em S\u00e3o Lu\u00eds continua sem previs\u00e3o de encerramento. Nesta segunda-feira (16), quarto dia da paralisa\u00e7\u00e3o parcial dos rodovi\u00e1rios, apenas \u00f4nibus do sistema semiurbano circulam na Grande Ilha, enquanto as linhas do sistema urbano seguem suspensas. &nbsp; Nas primeiras horas da manh\u00e3, passageiros aguardavam transporte em frente ao Terminal da Cohab, [&hellip;]<\/p>\n","protected":false},"author":1,"featured_media":0,"comment_status":"open","ping_status":"open","sticky":false,"template":"","format":"standard","meta":{"footnotes":""},"categories":[1],"tags":[],"yst_prominent_words":[],"class_list":["post-3866","post","type-post","status-publish","format-standard","hentry","category-noticia-geral"],"_links":{"self":[{"href":"https:\/\/blogomorangodonordeste.com.br\/index.php\/wp-json\/wp\/v2\/posts\/3866","targetHints":{"allow":["GET"]}}],"collection":[{"href":"https:\/\/blogomorangodonordeste.com.br\/index.php\/wp-json\/wp\/v2\/posts"}],"about":[{"href":"https:\/\/blogomorangodonordeste.com.br\/index.php\/wp-json\/wp\/v2\/types\/post"}],"author":[{"embeddable":true,"href":"https:\/\/blogomorangodonordeste.com.br\/index.php\/wp-json\/wp\/v2\/users\/1"}],"replies":[{"embeddable":true,"href":"https:\/\/blogomorangodonordeste.com.br\/index.php\/wp-json\/wp\/v2\/comments?post=3866"}],"version-history":[{"count":1,"href":"https:\/\/blogomorangodonordeste.com.br\/index.php\/wp-json\/wp\/v2\/posts\/3866\/revisions"}],"predecessor-version":[{"id":3868,"href":"https:\/\/blogomorangodonordeste.com.br\/index.php\/wp-json\/wp\/v2\/posts\/3866\/revisions\/3868"}],"wp:attachment":[{"href":"https:\/\/blogomorangodonordeste.com.br\/index.php\/wp-json\/wp\/v2\/media?parent=3866"}],"wp:term":[{"taxonomy":"category","embeddable":true,"href":"https:\/\/blogomorangodonordeste.com.br\/index.php\/wp-json\/wp\/v2\/categories?post=3866"},{"taxonomy":"post_tag","embeddable":true,"href":"https:\/\/blogomorangodonordeste.com.br\/index.php\/wp-json\/wp\/v2\/tags?post=3866"},{"taxonomy":"yst_prominent_words","embeddable":true,"href":"https:\/\/blogomorangodonordeste.com.br\/index.php\/wp-json\/wp\/v2\/yst_prominent_words?post=3866"}],"curies":[{"name":"wp","href":"https:\/\/api.w.org\/{rel}","templated":true}]}}