{"id":3858,"date":"2026-03-13T17:03:41","date_gmt":"2026-03-13T20:03:41","guid":{"rendered":"https:\/\/blogomorangodonordeste.com.br\/?p=3858"},"modified":"2026-03-13T17:03:41","modified_gmt":"2026-03-13T20:03:41","slug":"orleans-brandao-lanca-pre-candidatura-ao-governo-do-maranhao-com-crescimento-nas","status":"publish","type":"post","link":"https:\/\/blogomorangodonordeste.com.br\/index.php\/2026\/03\/13\/orleans-brandao-lanca-pre-candidatura-ao-governo-do-maranhao-com-crescimento-nas\/","title":{"rendered":"Orleans Brand\u00e3o lan\u00e7a pr\u00e9-candidatura ao Governo do Maranh\u00e3o com crescimento nas"},"content":{"rendered":"<p>&nbsp;<\/p>\n<p>&nbsp;<\/p>\n<p>O lan\u00e7amento da pr\u00e9-candidatura de Orleans Brand\u00e3o (MDB) ao Governo do Maranh\u00e3o, neste s\u00e1bado (14), vai acontecer em meio a um momento de forte crescimento pol\u00edtico. A pesquisa do Instituto Paran\u00e1 Pesquisas, divulgada esta semana, mostra que Orleans passou de 16,9% (fevereiro de 2025) para 30,3% (mar\u00e7o de 2026), praticamente dobrando o desempenho nas inten\u00e7\u00f5es de voto.<\/p>\n<p>&nbsp;<\/p>\n<p>O crescimento do maranhense supera o ritmo constatado em outros estados, onde lideran\u00e7as como Elmano de Freitas (Cear\u00e1), Alexandre Curi (Paran\u00e1) e Raquel Lyra (Pernambuco) registram avan\u00e7os mais acanhados.<\/p>\n<p>&nbsp;<\/p>\n<p>O estudo aponta tamb\u00e9m que Orleans Brand\u00e3o lidera a opini\u00e3o do eleitorado sobre quem dever\u00e1 vencer a elei\u00e7\u00e3o deste ano. Para 37,3% dos entrevistados o atual secret\u00e1rio de Assuntos Municipalistas do Estado vai vencer as elei\u00e7\u00f5es, em contraponto a 35,3% que acreditam na vit\u00f3ria de Eduardo Braide.<\/p>\n<p>&nbsp;<\/p>\n<p>O lan\u00e7amento, no Multicenter Sebrae, a partir das 17h, vai reunir lideran\u00e7as pol\u00edticas de diversas regi\u00f5es do estado. A expectativa \u00e9 oficializar um projeto pol\u00edtico que, segundo os n\u00fameros das pesquisas, praticamente dobrou de tamanho em apenas um ano.<\/p>\n","protected":false},"excerpt":{"rendered":"<p>&nbsp; &nbsp; O lan\u00e7amento da pr\u00e9-candidatura de Orleans Brand\u00e3o (MDB) ao Governo do Maranh\u00e3o, neste s\u00e1bado (14), vai acontecer em meio a um momento de forte crescimento pol\u00edtico. A pesquisa do Instituto Paran\u00e1 Pesquisas, divulgada esta semana, mostra que Orleans passou de 16,9% (fevereiro de 2025) para 30,3% (mar\u00e7o de 2026), praticamente dobrando o desempenho [&hellip;]<\/p>\n","protected":false},"author":1,"featured_media":0,"comment_status":"open","ping_status":"open","sticky":false,"template":"","format":"standard","meta":{"footnotes":""},"categories":[1],"tags":[],"yst_prominent_words":[],"class_list":["post-3858","post","type-post","status-publish","format-standard","hentry","category-noticia-geral"],"_links":{"self":[{"href":"https:\/\/blogomorangodonordeste.com.br\/index.php\/wp-json\/wp\/v2\/posts\/3858","targetHints":{"allow":["GET"]}}],"collection":[{"href":"https:\/\/blogomorangodonordeste.com.br\/index.php\/wp-json\/wp\/v2\/posts"}],"about":[{"href":"https:\/\/blogomorangodonordeste.com.br\/index.php\/wp-json\/wp\/v2\/types\/post"}],"author":[{"embeddable":true,"href":"https:\/\/blogomorangodonordeste.com.br\/index.php\/wp-json\/wp\/v2\/users\/1"}],"replies":[{"embeddable":true,"href":"https:\/\/blogomorangodonordeste.com.br\/index.php\/wp-json\/wp\/v2\/comments?post=3858"}],"version-history":[{"count":1,"href":"https:\/\/blogomorangodonordeste.com.br\/index.php\/wp-json\/wp\/v2\/posts\/3858\/revisions"}],"predecessor-version":[{"id":3860,"href":"https:\/\/blogomorangodonordeste.com.br\/index.php\/wp-json\/wp\/v2\/posts\/3858\/revisions\/3860"}],"wp:attachment":[{"href":"https:\/\/blogomorangodonordeste.com.br\/index.php\/wp-json\/wp\/v2\/media?parent=3858"}],"wp:term":[{"taxonomy":"category","embeddable":true,"href":"https:\/\/blogomorangodonordeste.com.br\/index.php\/wp-json\/wp\/v2\/categories?post=3858"},{"taxonomy":"post_tag","embeddable":true,"href":"https:\/\/blogomorangodonordeste.com.br\/index.php\/wp-json\/wp\/v2\/tags?post=3858"},{"taxonomy":"yst_prominent_words","embeddable":true,"href":"https:\/\/blogomorangodonordeste.com.br\/index.php\/wp-json\/wp\/v2\/yst_prominent_words?post=3858"}],"curies":[{"name":"wp","href":"https:\/\/api.w.org\/{rel}","templated":true}]}}