{"id":3855,"date":"2026-03-13T16:58:33","date_gmt":"2026-03-13T19:58:33","guid":{"rendered":"https:\/\/blogomorangodonordeste.com.br\/?p=3855"},"modified":"2026-03-13T16:58:33","modified_gmt":"2026-03-13T19:58:33","slug":"set-rebate-declaracoes-de-eduardo-braide-e-alerta-para-risco-de-colapso-no-transporte-publico-de-sao-luis","status":"publish","type":"post","link":"https:\/\/blogomorangodonordeste.com.br\/index.php\/2026\/03\/13\/set-rebate-declaracoes-de-eduardo-braide-e-alerta-para-risco-de-colapso-no-transporte-publico-de-sao-luis\/","title":{"rendered":"SET rebate declara\u00e7\u00f5es de Eduardo Braide e alerta para risco de colapso no transporte p\u00fablico de S\u00e3o Lu\u00eds"},"content":{"rendered":"<p><img loading=\"lazy\" decoding=\"async\" class=\"alignnone size-full wp-image-3856\" src=\"https:\/\/blogomorangodonordeste.com.br\/wp-content\/uploads\/2026\/03\/IMG-20260313-WA06871.jpg\" alt=\"\" width=\"600\" height=\"400\" srcset=\"https:\/\/blogomorangodonordeste.com.br\/wp-content\/uploads\/2026\/03\/IMG-20260313-WA06871.jpg 600w, https:\/\/blogomorangodonordeste.com.br\/wp-content\/uploads\/2026\/03\/IMG-20260313-WA06871-300x200.jpg 300w, https:\/\/blogomorangodonordeste.com.br\/wp-content\/uploads\/2026\/03\/IMG-20260313-WA06871-150x100.jpg 150w\" sizes=\"auto, (max-width: 600px) 100vw, 600px\" \/><\/p>\n<p>&nbsp;<\/p>\n<p>O Sindicato das Empresas de Transporte de Passageiros de S\u00e3o Lu\u00eds divulgou, nesta sexta-feira (13), uma nota oficial em resposta \u00e0s declara\u00e7\u00f5es recentes do prefeito de S\u00e3o Lu\u00eds, Eduardo Braide, sobre a crise no transporte p\u00fablico da capital maranhense. No documento, a entidade contesta pontos apresentados pela gest\u00e3o municipal e alerta para um poss\u00edvel colapso do sistema devido ao que classifica como desequil\u00edbrio financeiro.<\/p>\n<p>&nbsp;<\/p>\n<p>De acordo com o sindicato, o valor do subs\u00eddio repassado pela Prefeitura de S\u00e3o Lu\u00eds \u00e0s empresas de transporte permanece congelado desde janeiro de 2024. Segundo o SET, a manuten\u00e7\u00e3o do mesmo valor ignora o cen\u00e1rio econ\u00f4mico atual, marcado por dois reajustes salariais concedidos aos rodovi\u00e1rios e pelo aumento generalizado nos custos operacionais do servi\u00e7o.<\/p>\n<p>&nbsp;<\/p>\n<p>A entidade tamb\u00e9m destacou a press\u00e3o provocada pela alta no pre\u00e7o dos combust\u00edveis. Conforme a nota, o litro do diesel teria sofrido um aumento de R$ 1,40 apenas na \u00faltima semana. O sindicato afirma ainda que medidas anunciadas pelo governo federal resultariam em uma redu\u00e7\u00e3o de apenas R$ 0,30, valor considerado insuficiente para compensar o impacto do reajuste.<\/p>\n<p>&nbsp;<\/p>\n<p>Outro ponto abordado pelo SET diz respeito ao impasse nas negocia\u00e7\u00f5es trabalhistas. A entidade afirma que n\u00e3o houve acordo na Justi\u00e7a do Trabalho porque a Secretaria Municipal de Tr\u00e2nsito e Transportes de S\u00e3o Lu\u00eds n\u00e3o teria comparecido \u00e0s audi\u00eancias. O sindicato tamb\u00e9m informou que protocolou diversos pedidos de reuni\u00e3o com a pasta desde o in\u00edcio de 2025, mas que, at\u00e9 o momento, n\u00e3o houve resposta.<\/p>\n<p>&nbsp;<\/p>\n<p>Em rela\u00e7\u00e3o \u00e0s paralisa\u00e7\u00f5es registradas na cidade desde 2021, o SET atribuiu a responsabilidade ao munic\u00edpio. Em trecho da nota, a entidade afirma que as greves s\u00e3o consequ\u00eancia do \u201creiterado descumprimento do contrato por parte do Munic\u00edpio de S\u00e3o Lu\u00eds\u201d, situa\u00e7\u00e3o que, segundo o sindicato, teria sido reconhecida publicamente pelo pr\u00f3prio prefeito.<\/p>\n<p>&nbsp;<\/p>\n<p>O sindicato informou ainda que est\u00e1 colaborando com \u00f3rg\u00e3os de Justi\u00e7a e de controle para apurar as responsabilidades pela crise no setor de transporte coletivo. Ao final do comunicado, o SET reiterou que permanece aberto ao di\u00e1logo t\u00e9cnico para buscar solu\u00e7\u00f5es que garantam o funcionamento do sistema de mobilidade urbana da capital maranhense.<\/p>\n<p>&nbsp;<\/p>\n<p>At\u00e9 o fechamento da reportagem, a Prefeitura de S\u00e3o Lu\u00eds e a SMTT n\u00e3o haviam se manifestado oficialmente sobre as cr\u00edticas apresentadas na nota do sindicato.<\/p>\n","protected":false},"excerpt":{"rendered":"<p>&nbsp; O Sindicato das Empresas de Transporte de Passageiros de S\u00e3o Lu\u00eds divulgou, nesta sexta-feira (13), uma nota oficial em resposta \u00e0s declara\u00e7\u00f5es recentes do prefeito de S\u00e3o Lu\u00eds, Eduardo Braide, sobre a crise no transporte p\u00fablico da capital maranhense. No documento, a entidade contesta pontos apresentados pela gest\u00e3o municipal e alerta para um poss\u00edvel [&hellip;]<\/p>\n","protected":false},"author":1,"featured_media":0,"comment_status":"open","ping_status":"open","sticky":false,"template":"","format":"standard","meta":{"footnotes":""},"categories":[1],"tags":[],"yst_prominent_words":[],"class_list":["post-3855","post","type-post","status-publish","format-standard","hentry","category-noticia-geral"],"_links":{"self":[{"href":"https:\/\/blogomorangodonordeste.com.br\/index.php\/wp-json\/wp\/v2\/posts\/3855","targetHints":{"allow":["GET"]}}],"collection":[{"href":"https:\/\/blogomorangodonordeste.com.br\/index.php\/wp-json\/wp\/v2\/posts"}],"about":[{"href":"https:\/\/blogomorangodonordeste.com.br\/index.php\/wp-json\/wp\/v2\/types\/post"}],"author":[{"embeddable":true,"href":"https:\/\/blogomorangodonordeste.com.br\/index.php\/wp-json\/wp\/v2\/users\/1"}],"replies":[{"embeddable":true,"href":"https:\/\/blogomorangodonordeste.com.br\/index.php\/wp-json\/wp\/v2\/comments?post=3855"}],"version-history":[{"count":1,"href":"https:\/\/blogomorangodonordeste.com.br\/index.php\/wp-json\/wp\/v2\/posts\/3855\/revisions"}],"predecessor-version":[{"id":3857,"href":"https:\/\/blogomorangodonordeste.com.br\/index.php\/wp-json\/wp\/v2\/posts\/3855\/revisions\/3857"}],"wp:attachment":[{"href":"https:\/\/blogomorangodonordeste.com.br\/index.php\/wp-json\/wp\/v2\/media?parent=3855"}],"wp:term":[{"taxonomy":"category","embeddable":true,"href":"https:\/\/blogomorangodonordeste.com.br\/index.php\/wp-json\/wp\/v2\/categories?post=3855"},{"taxonomy":"post_tag","embeddable":true,"href":"https:\/\/blogomorangodonordeste.com.br\/index.php\/wp-json\/wp\/v2\/tags?post=3855"},{"taxonomy":"yst_prominent_words","embeddable":true,"href":"https:\/\/blogomorangodonordeste.com.br\/index.php\/wp-json\/wp\/v2\/yst_prominent_words?post=3855"}],"curies":[{"name":"wp","href":"https:\/\/api.w.org\/{rel}","templated":true}]}}