{"id":3840,"date":"2026-03-12T19:07:20","date_gmt":"2026-03-12T22:07:20","guid":{"rendered":"https:\/\/blogomorangodonordeste.com.br\/?p=3840"},"modified":"2026-03-12T19:07:20","modified_gmt":"2026-03-12T22:07:20","slug":"em-ze-doca-orleans-brandao-ressalta-avancos-na-educacao-do-maranhao-com-investimentos-em-tecnologia-de-ensino","status":"publish","type":"post","link":"https:\/\/blogomorangodonordeste.com.br\/index.php\/2026\/03\/12\/em-ze-doca-orleans-brandao-ressalta-avancos-na-educacao-do-maranhao-com-investimentos-em-tecnologia-de-ensino\/","title":{"rendered":"Em Z\u00e9 Doca, Orleans Brand\u00e3o ressalta avan\u00e7os na educa\u00e7\u00e3o do Maranh\u00e3o com investimentos em tecnologia de ensino"},"content":{"rendered":"<p><img loading=\"lazy\" decoding=\"async\" class=\"alignnone size-full wp-image-3842\" src=\"https:\/\/blogomorangodonordeste.com.br\/wp-content\/uploads\/2026\/03\/IMG-20260312-WA0167.jpg\" alt=\"\" width=\"1280\" height=\"854\" srcset=\"https:\/\/blogomorangodonordeste.com.br\/wp-content\/uploads\/2026\/03\/IMG-20260312-WA0167.jpg 1280w, https:\/\/blogomorangodonordeste.com.br\/wp-content\/uploads\/2026\/03\/IMG-20260312-WA0167-300x200.jpg 300w, https:\/\/blogomorangodonordeste.com.br\/wp-content\/uploads\/2026\/03\/IMG-20260312-WA0167-1024x683.jpg 1024w, https:\/\/blogomorangodonordeste.com.br\/wp-content\/uploads\/2026\/03\/IMG-20260312-WA0167-768x512.jpg 768w, https:\/\/blogomorangodonordeste.com.br\/wp-content\/uploads\/2026\/03\/IMG-20260312-WA0167-150x100.jpg 150w\" sizes=\"auto, (max-width: 1280px) 100vw, 1280px\" \/><img loading=\"lazy\" decoding=\"async\" class=\"alignnone size-full wp-image-3841\" src=\"https:\/\/blogomorangodonordeste.com.br\/wp-content\/uploads\/2026\/03\/IMG-20260312-WA0170.jpg\" alt=\"\" width=\"1280\" height=\"854\" srcset=\"https:\/\/blogomorangodonordeste.com.br\/wp-content\/uploads\/2026\/03\/IMG-20260312-WA0170.jpg 1280w, https:\/\/blogomorangodonordeste.com.br\/wp-content\/uploads\/2026\/03\/IMG-20260312-WA0170-300x200.jpg 300w, https:\/\/blogomorangodonordeste.com.br\/wp-content\/uploads\/2026\/03\/IMG-20260312-WA0170-1024x683.jpg 1024w, https:\/\/blogomorangodonordeste.com.br\/wp-content\/uploads\/2026\/03\/IMG-20260312-WA0170-768x512.jpg 768w, https:\/\/blogomorangodonordeste.com.br\/wp-content\/uploads\/2026\/03\/IMG-20260312-WA0170-150x100.jpg 150w\" sizes=\"auto, (max-width: 1280px) 100vw, 1280px\" \/><\/p>\n<p>&nbsp;<\/p>\n<p>A adolescente Yara Samira, 16 anos, que estuda com afinco para o pr\u00f3ximo ENEM, est\u00e1 ainda mais motivada a conquistar a vaga no curso de Direito com que sempre sonhou. Aluna da rede estadual em Z\u00e9 Doca, ela foi uma das beneficiadas com a entrega de um tablet educacional realizada pelo Governo do Estado no munic\u00edpio, nesta quinta-feira (12). O secret\u00e1rio de Assuntos Municipalistas, Orleans Brand\u00e3o, acompanhou o governador Carlos Brand\u00e3o na agenda de entregas na cidade, que contemplou tamb\u00e9m outras \u00e1reas.<\/p>\n<p>&nbsp;<\/p>\n<p>\u201cCom o tablet, vou conseguir acessar mais conte\u00fados, assistir a aulas e me preparar melhor para o ENEM. Uma conquista muito grande para todos n\u00f3s, estudantes\u201d, disse Yara Samira.<\/p>\n<p>&nbsp;<\/p>\n<p>Ao todo, 1.688 alunos da rede estadual de Z\u00e9 Doca receberam tablets por meio do programa Educa\u00e7\u00e3o de Verdade \u2013 eixo T\u00f4 Conectado, iniciativa do Governo do Maranh\u00e3o que busca ampliar o acesso \u00e0 tecnologia no ambiente escolar e fortalecer o processo de aprendizagem.<\/p>\n<p>&nbsp;<\/p>\n<p>*Fortalecimento*<\/p>\n<p>&nbsp;<\/p>\n<p>Segundo o secret\u00e1rio Orleans Brand\u00e3o, as novas tecnologias de ensino t\u00eam contribu\u00eddo para o avan\u00e7o da educa\u00e7\u00e3o no estado. \u201cS\u00e3o estrat\u00e9gias de fortalecimento da educa\u00e7\u00e3o e de outros setores que impactem diretamente a vida das pessoas, seja na educa\u00e7\u00e3o, na sa\u00fade, na assist\u00eancia social, na seguran\u00e7a p\u00fablica ou qualquer outra \u00e1rea importante para a popula\u00e7\u00e3o e o estado\u201d, ressaltou.<\/p>\n<p>&nbsp;<\/p>\n<p>O governador Carlos Brand\u00e3o destacou que o investimento em tecnologia educacional \u00e9 uma virada de chave na educa\u00e7\u00e3o digital do Maranh\u00e3o.<\/p>\n<p>&nbsp;<\/p>\n<p>\u201cEstamos garantindo que nossos jovens tenham acesso \u00e0s ferramentas necess\u00e1rias para estudar, pesquisar e se preparar para o futuro. S\u00f3 na regional de Z\u00e9 Doca entregaremos 11 mil tablets, ao todo\u201d, afirmou Brand\u00e3o, pontuando ainda que o Governo do Estado j\u00e1 levou para Z\u00e9 Doca viaturas de pol\u00edcia, ambul\u00e2ncias, pavimenta\u00e7\u00e3o asf\u00e1ltica, entre outras a\u00e7\u00f5es.<\/p>\n<p>&nbsp;<\/p>\n<p>*Agentes de Sa\u00fade*<\/p>\n<p>&nbsp;<\/p>\n<p>Durante a agenda, 107 tablets tamb\u00e9m foram entregues a agentes comunit\u00e1rios de sa\u00fade do munic\u00edpio. Os equipamentos ser\u00e3o utilizados para aprimorar a coleta e o registro de dados durante as visitas domiciliares, contribuindo para fortalecer a aten\u00e7\u00e3o prim\u00e1ria e modernizar a infraestrutura das Unidades B\u00e1sicas de Sa\u00fade (UBS).<\/p>\n<p>&nbsp;<\/p>\n<p>\u201cSem d\u00favida, \u00e9 um grande passo na melhoria do nosso trabalho de campo\u201d, destacou o agente comunit\u00e1rio de sa\u00fade Nonato Ferreira. Al\u00e9m dos tablets, os profissionais tamb\u00e9m receberam novos fardamentos.<\/p>\n<p>&nbsp;<\/p>\n<p>*Delegacia e IEMA*<\/p>\n<p>&nbsp;<\/p>\n<p>A agenda em Z\u00e9 Doca tamb\u00e9m foi marcada pela entrega da reforma da Delegacia de Pol\u00edcia Civil do munic\u00edpio, obra que modernizou as instala\u00e7\u00f5es da unidade, garantindo melhores condi\u00e7\u00f5es de trabalho aos servidores e atendimento mais adequado \u00e0 popula\u00e7\u00e3o.<\/p>\n<p>&nbsp;<\/p>\n<p>A prefeita de Z\u00e9 Doca, Fl\u00e1via Cunha, refor\u00e7ou a import\u00e2ncia das a\u00e7\u00f5es desenvolvidas na cidade. \u201cEstamos muito felizes em receber o governador e sua comitiva para essas entregas. Hoje, a palavra \u00e9 gratid\u00e3o por tudo isso. Uma prova viva de que, com uni\u00e3o e parceria, quem ganha \u00e9 a popula\u00e7\u00e3o\u201d, disse a gestora.<\/p>\n<p>&nbsp;<\/p>\n<p>Outra importante entrega foi a reforma do Instituto Estadual de Educa\u00e7\u00e3o, Ci\u00eancia e Tecnologia do Maranh\u00e3o (IEMA-Pleno) de Z\u00e9 Doca. As interven\u00e7\u00f5es inclu\u00edram melhorias em laborat\u00f3rios, biblioteca, audit\u00f3rio, quadra coberta, \u00e1reas de conviv\u00eancia, refeit\u00f3rio e cozinha industrial. A unidade vai beneficiar toda a regi\u00e3o do Alto Turi.<\/p>\n<p>&nbsp;<\/p>\n<p>O munic\u00edpio tamb\u00e9m foi contemplado com dois ve\u00edculos destinados \u00e0 Secretaria Municipal de Assist\u00eancia Social e \u00e0 Secretaria Municipal de Educa\u00e7\u00e3o. A iniciativa, desenvolvida por meio do Programa Coopera Maranh\u00e3o, tem como objetivo facilitar o deslocamento das equipes at\u00e9 as comunidades e ampliar o acompanhamento das a\u00e7\u00f5es e programas sociais no munic\u00edpio.<\/p>\n<p>&nbsp;<\/p>\n<p>Participaram tamb\u00e9m do ato de entregas os prefeitos Daniel Sena (Newton Bello), Dr. Ca\u00e7ula Coelho (Presidente M\u00e9dice), Ary Menezes (Nova Olinda), as deputadas estaduais Fabiana Vilar e Solange Almeida; a diretora-geral dos IEMAs, Cricielle Muniz, entre outras autoridades.<\/p>\n","protected":false},"excerpt":{"rendered":"<p>&nbsp; A adolescente Yara Samira, 16 anos, que estuda com afinco para o pr\u00f3ximo ENEM, est\u00e1 ainda mais motivada a conquistar a vaga no curso de Direito com que sempre sonhou. Aluna da rede estadual em Z\u00e9 Doca, ela foi uma das beneficiadas com a entrega de um tablet educacional realizada pelo Governo do Estado [&hellip;]<\/p>\n","protected":false},"author":1,"featured_media":0,"comment_status":"open","ping_status":"open","sticky":false,"template":"","format":"standard","meta":{"footnotes":""},"categories":[1],"tags":[],"yst_prominent_words":[],"class_list":["post-3840","post","type-post","status-publish","format-standard","hentry","category-noticia-geral"],"_links":{"self":[{"href":"https:\/\/blogomorangodonordeste.com.br\/index.php\/wp-json\/wp\/v2\/posts\/3840","targetHints":{"allow":["GET"]}}],"collection":[{"href":"https:\/\/blogomorangodonordeste.com.br\/index.php\/wp-json\/wp\/v2\/posts"}],"about":[{"href":"https:\/\/blogomorangodonordeste.com.br\/index.php\/wp-json\/wp\/v2\/types\/post"}],"author":[{"embeddable":true,"href":"https:\/\/blogomorangodonordeste.com.br\/index.php\/wp-json\/wp\/v2\/users\/1"}],"replies":[{"embeddable":true,"href":"https:\/\/blogomorangodonordeste.com.br\/index.php\/wp-json\/wp\/v2\/comments?post=3840"}],"version-history":[{"count":1,"href":"https:\/\/blogomorangodonordeste.com.br\/index.php\/wp-json\/wp\/v2\/posts\/3840\/revisions"}],"predecessor-version":[{"id":3843,"href":"https:\/\/blogomorangodonordeste.com.br\/index.php\/wp-json\/wp\/v2\/posts\/3840\/revisions\/3843"}],"wp:attachment":[{"href":"https:\/\/blogomorangodonordeste.com.br\/index.php\/wp-json\/wp\/v2\/media?parent=3840"}],"wp:term":[{"taxonomy":"category","embeddable":true,"href":"https:\/\/blogomorangodonordeste.com.br\/index.php\/wp-json\/wp\/v2\/categories?post=3840"},{"taxonomy":"post_tag","embeddable":true,"href":"https:\/\/blogomorangodonordeste.com.br\/index.php\/wp-json\/wp\/v2\/tags?post=3840"},{"taxonomy":"yst_prominent_words","embeddable":true,"href":"https:\/\/blogomorangodonordeste.com.br\/index.php\/wp-json\/wp\/v2\/yst_prominent_words?post=3840"}],"curies":[{"name":"wp","href":"https:\/\/api.w.org\/{rel}","templated":true}]}}