{"id":3837,"date":"2026-03-12T10:12:54","date_gmt":"2026-03-12T13:12:54","guid":{"rendered":"https:\/\/blogomorangodonordeste.com.br\/?p=3837"},"modified":"2026-03-12T10:12:54","modified_gmt":"2026-03-12T13:12:54","slug":"greve-de-onibus-na-grande-sao-luis-e-remarcada-e-pode-comecar-nesta-sexta-feira-13","status":"publish","type":"post","link":"https:\/\/blogomorangodonordeste.com.br\/index.php\/2026\/03\/12\/greve-de-onibus-na-grande-sao-luis-e-remarcada-e-pode-comecar-nesta-sexta-feira-13\/","title":{"rendered":"Greve de \u00f4nibus na Grande S\u00e3o Lu\u00eds \u00e9 remarcada e pode come\u00e7ar nesta sexta-feira (13)"},"content":{"rendered":"<p>&nbsp;<\/p>\n<p>&nbsp;<\/p>\n<p><img loading=\"lazy\" decoding=\"async\" class=\"alignnone size-full wp-image-3838\" src=\"https:\/\/blogomorangodonordeste.com.br\/wp-content\/uploads\/2026\/03\/IMG-20260312-WA0028.jpg\" alt=\"\" width=\"600\" height=\"325\" srcset=\"https:\/\/blogomorangodonordeste.com.br\/wp-content\/uploads\/2026\/03\/IMG-20260312-WA0028.jpg 600w, https:\/\/blogomorangodonordeste.com.br\/wp-content\/uploads\/2026\/03\/IMG-20260312-WA0028-300x163.jpg 300w\" sizes=\"auto, (max-width: 600px) 100vw, 600px\" \/><\/p>\n<p>O Sindicato dos Rodovi\u00e1rios do Maranh\u00e3o informou que a greve no sistema de transporte p\u00fablico da Grande S\u00e3o Lu\u00eds deve come\u00e7ar nas primeiras horas desta sexta-feira (13). A paralisa\u00e7\u00e3o, que inicialmente estava prevista para quinta-feira (12), foi remarcada ap\u00f3s orienta\u00e7\u00e3o jur\u00eddica.<\/p>\n<p>&nbsp;<\/p>\n<p>Segundo o presidente do sindicato, Marcelo Brito, a mudan\u00e7a no in\u00edcio do movimento foi necess\u00e1ria para garantir o cumprimento do prazo legal e dar mais tempo para que as empresas efetuem o pagamento do reajuste salarial determinado pela Justi\u00e7a do Trabalho.<\/p>\n<p>&nbsp;<\/p>\n<p>De acordo com o dirigente sindical, at\u00e9 o momento nenhuma empresa do sistema urbano ou semiurbano realizou o pagamento do aumento definido pelo Tribunal Regional do Trabalho.<\/p>\n<p>&nbsp;<\/p>\n<p>Caso n\u00e3o haja acordo at\u00e9 o prazo estabelecido, a paralisa\u00e7\u00e3o poder\u00e1 afetar milhares de passageiros que dependem diariamente do transporte p\u00fablico na capital maranhense.<\/p>\n<p>&nbsp;<\/p>\n<p>Atualmente, cerca de 4,5 mil a 5 mil trabalhadores atuam no sistema de transporte coletivo da Grande S\u00e3o Lu\u00eds.<\/p>\n<p>&nbsp;<\/p>\n<p>A crise no setor se arrasta desde o in\u00edcio do ano, marcada por amea\u00e7as de paralisa\u00e7\u00e3o, redu\u00e7\u00e3o de linhas e interrup\u00e7\u00f5es no servi\u00e7o. Em fevereiro, um acordo mediado pelo Minist\u00e9rio P\u00fablico do Maranh\u00e3o garantiu a retomada tempor\u00e1ria da circula\u00e7\u00e3o dos \u00f4nibus.<\/p>\n<p>&nbsp;<\/p>\n<p>Paralelamente, o Minist\u00e9rio P\u00fablico tamb\u00e9m ingressou com uma A\u00e7\u00e3o Civil P\u00fablica contra a Prefeitura de S\u00e3o Lu\u00eds, o Sindicato das Empresas de Transporte de Passageiros (SET), cons\u00f3rcios e empresas operadoras, cobrando medidas para regularizar o funcionamento do transporte coletivo na capital. Entre as propostas est\u00e1 o aumento do subs\u00eddio pago \u00e0s empresas por passageiro transportado, como forma de garantir equil\u00edbrio financeiro ao sistema.<\/p>\n","protected":false},"excerpt":{"rendered":"<p>&nbsp; &nbsp; O Sindicato dos Rodovi\u00e1rios do Maranh\u00e3o informou que a greve no sistema de transporte p\u00fablico da Grande S\u00e3o Lu\u00eds deve come\u00e7ar nas primeiras horas desta sexta-feira (13). A paralisa\u00e7\u00e3o, que inicialmente estava prevista para quinta-feira (12), foi remarcada ap\u00f3s orienta\u00e7\u00e3o jur\u00eddica. &nbsp; Segundo o presidente do sindicato, Marcelo Brito, a mudan\u00e7a no in\u00edcio [&hellip;]<\/p>\n","protected":false},"author":1,"featured_media":0,"comment_status":"open","ping_status":"open","sticky":false,"template":"","format":"standard","meta":{"footnotes":""},"categories":[1],"tags":[],"yst_prominent_words":[],"class_list":["post-3837","post","type-post","status-publish","format-standard","hentry","category-noticia-geral"],"_links":{"self":[{"href":"https:\/\/blogomorangodonordeste.com.br\/index.php\/wp-json\/wp\/v2\/posts\/3837","targetHints":{"allow":["GET"]}}],"collection":[{"href":"https:\/\/blogomorangodonordeste.com.br\/index.php\/wp-json\/wp\/v2\/posts"}],"about":[{"href":"https:\/\/blogomorangodonordeste.com.br\/index.php\/wp-json\/wp\/v2\/types\/post"}],"author":[{"embeddable":true,"href":"https:\/\/blogomorangodonordeste.com.br\/index.php\/wp-json\/wp\/v2\/users\/1"}],"replies":[{"embeddable":true,"href":"https:\/\/blogomorangodonordeste.com.br\/index.php\/wp-json\/wp\/v2\/comments?post=3837"}],"version-history":[{"count":1,"href":"https:\/\/blogomorangodonordeste.com.br\/index.php\/wp-json\/wp\/v2\/posts\/3837\/revisions"}],"predecessor-version":[{"id":3839,"href":"https:\/\/blogomorangodonordeste.com.br\/index.php\/wp-json\/wp\/v2\/posts\/3837\/revisions\/3839"}],"wp:attachment":[{"href":"https:\/\/blogomorangodonordeste.com.br\/index.php\/wp-json\/wp\/v2\/media?parent=3837"}],"wp:term":[{"taxonomy":"category","embeddable":true,"href":"https:\/\/blogomorangodonordeste.com.br\/index.php\/wp-json\/wp\/v2\/categories?post=3837"},{"taxonomy":"post_tag","embeddable":true,"href":"https:\/\/blogomorangodonordeste.com.br\/index.php\/wp-json\/wp\/v2\/tags?post=3837"},{"taxonomy":"yst_prominent_words","embeddable":true,"href":"https:\/\/blogomorangodonordeste.com.br\/index.php\/wp-json\/wp\/v2\/yst_prominent_words?post=3837"}],"curies":[{"name":"wp","href":"https:\/\/api.w.org\/{rel}","templated":true}]}}