{"id":3833,"date":"2026-03-11T19:14:55","date_gmt":"2026-03-11T22:14:55","guid":{"rendered":"https:\/\/blogomorangodonordeste.com.br\/?p=3833"},"modified":"2026-03-11T19:14:55","modified_gmt":"2026-03-11T22:14:55","slug":"pre-candidatura-de-orleans-brandao-ao-governo-do-maranhao-sera-lancada-neste-sabado","status":"publish","type":"post","link":"https:\/\/blogomorangodonordeste.com.br\/index.php\/2026\/03\/11\/pre-candidatura-de-orleans-brandao-ao-governo-do-maranhao-sera-lancada-neste-sabado\/","title":{"rendered":"Pr\u00e9-candidatura de Orleans Brand\u00e3o ao Governo do Maranh\u00e3o ser\u00e1 lan\u00e7ada neste s\u00e1bado*"},"content":{"rendered":"<p><img loading=\"lazy\" decoding=\"async\" class=\"alignnone size-full wp-image-3834\" src=\"https:\/\/blogomorangodonordeste.com.br\/wp-content\/uploads\/2026\/03\/EQ7A8832-2-scaled.jpg\" alt=\"\" width=\"2560\" height=\"1707\" srcset=\"https:\/\/blogomorangodonordeste.com.br\/wp-content\/uploads\/2026\/03\/EQ7A8832-2-scaled.jpg 2560w, https:\/\/blogomorangodonordeste.com.br\/wp-content\/uploads\/2026\/03\/EQ7A8832-2-300x200.jpg 300w, https:\/\/blogomorangodonordeste.com.br\/wp-content\/uploads\/2026\/03\/EQ7A8832-2-1024x683.jpg 1024w, https:\/\/blogomorangodonordeste.com.br\/wp-content\/uploads\/2026\/03\/EQ7A8832-2-768x512.jpg 768w, https:\/\/blogomorangodonordeste.com.br\/wp-content\/uploads\/2026\/03\/EQ7A8832-2-1536x1024.jpg 1536w, https:\/\/blogomorangodonordeste.com.br\/wp-content\/uploads\/2026\/03\/EQ7A8832-2-2048x1365.jpg 2048w, https:\/\/blogomorangodonordeste.com.br\/wp-content\/uploads\/2026\/03\/EQ7A8832-2-150x100.jpg 150w\" sizes=\"auto, (max-width: 2560px) 100vw, 2560px\" \/><img loading=\"lazy\" decoding=\"async\" class=\"alignnone size-full wp-image-3835\" src=\"https:\/\/blogomorangodonordeste.com.br\/wp-content\/uploads\/2026\/03\/EQ7A8231-1-scaled.jpeg\" alt=\"\" width=\"2560\" height=\"1707\" srcset=\"https:\/\/blogomorangodonordeste.com.br\/wp-content\/uploads\/2026\/03\/EQ7A8231-1-scaled.jpeg 2560w, https:\/\/blogomorangodonordeste.com.br\/wp-content\/uploads\/2026\/03\/EQ7A8231-1-300x200.jpeg 300w, https:\/\/blogomorangodonordeste.com.br\/wp-content\/uploads\/2026\/03\/EQ7A8231-1-1024x683.jpeg 1024w, https:\/\/blogomorangodonordeste.com.br\/wp-content\/uploads\/2026\/03\/EQ7A8231-1-768x512.jpeg 768w, https:\/\/blogomorangodonordeste.com.br\/wp-content\/uploads\/2026\/03\/EQ7A8231-1-1536x1024.jpeg 1536w, https:\/\/blogomorangodonordeste.com.br\/wp-content\/uploads\/2026\/03\/EQ7A8231-1-2048x1365.jpeg 2048w, https:\/\/blogomorangodonordeste.com.br\/wp-content\/uploads\/2026\/03\/EQ7A8231-1-150x100.jpeg 150w\" sizes=\"auto, (max-width: 2560px) 100vw, 2560px\" \/><\/p>\n<p>&nbsp;<\/p>\n<p>Uma grande festa pol\u00edtica marcar\u00e1 o lan\u00e7amento da pr\u00e9-candidatura do presidente estadual do MDB, Orleans Brand\u00e3o, ao governo do Maranh\u00e3o, nas elei\u00e7\u00f5es deste ano. O evento que pretende reunir milhares de pessoas acontecer\u00e1 no pr\u00f3ximo s\u00e1bado (14), a partir das 17 horas, no Muticenter Sebrae em S\u00e3o Lu\u00eds, com a participa\u00e7\u00e3o de lideran\u00e7as do MDB e de outros 10 partidos, entre centenas de prefeitos, vereadores e deputados.<\/p>\n<p>&nbsp;<\/p>\n<p>\u201c\u00c9 hora de dar mais um passo firme pelo nosso Maranh\u00e3o. Com uni\u00e3o, trabalho e muita energia, seguimos prontos para fazer mais e acelerar o desenvolvimento do nosso estado, ouvindo as pessoas e cuidando do que realmente importa: oportunidades e qualidade de vida. Vamos juntos seguir avan\u00e7ando\u201d, afirmou Orleans Brand\u00e3o, no convite feito em suas redes sociais.<\/p>\n<p>&nbsp;<\/p>\n<p>Organizado pelo MDB, o lan\u00e7amento da pr\u00e9-candidatura de Orleans Brand\u00e3o contar\u00e1 com a participa\u00e7\u00e3o do governador Carlos Brand\u00e3o e de representantes de mais 10 partidos que compor\u00e3o a sua coliga\u00e7\u00e3o: PDT, PRD, Uni\u00e3o Brasil, Republicanos, Progressistas, Cidadania, Avante, Podemos, Partido Verde e Solidariedade.<\/p>\n<p>&nbsp;<\/p>\n<p>Tamb\u00e9m estar\u00e3o presentes centenas de prefeitos, vereadores, deputados estaduais e federais, vice-prefeitos, ex-prefeitos, ex-vereadores e pr\u00e9-candidatos a deputados estaduais, federais e senadores.<\/p>\n","protected":false},"excerpt":{"rendered":"<p>&nbsp; Uma grande festa pol\u00edtica marcar\u00e1 o lan\u00e7amento da pr\u00e9-candidatura do presidente estadual do MDB, Orleans Brand\u00e3o, ao governo do Maranh\u00e3o, nas elei\u00e7\u00f5es deste ano. O evento que pretende reunir milhares de pessoas acontecer\u00e1 no pr\u00f3ximo s\u00e1bado (14), a partir das 17 horas, no Muticenter Sebrae em S\u00e3o Lu\u00eds, com a participa\u00e7\u00e3o de lideran\u00e7as do [&hellip;]<\/p>\n","protected":false},"author":1,"featured_media":0,"comment_status":"open","ping_status":"open","sticky":false,"template":"","format":"standard","meta":{"footnotes":""},"categories":[1],"tags":[],"yst_prominent_words":[],"class_list":["post-3833","post","type-post","status-publish","format-standard","hentry","category-noticia-geral"],"_links":{"self":[{"href":"https:\/\/blogomorangodonordeste.com.br\/index.php\/wp-json\/wp\/v2\/posts\/3833","targetHints":{"allow":["GET"]}}],"collection":[{"href":"https:\/\/blogomorangodonordeste.com.br\/index.php\/wp-json\/wp\/v2\/posts"}],"about":[{"href":"https:\/\/blogomorangodonordeste.com.br\/index.php\/wp-json\/wp\/v2\/types\/post"}],"author":[{"embeddable":true,"href":"https:\/\/blogomorangodonordeste.com.br\/index.php\/wp-json\/wp\/v2\/users\/1"}],"replies":[{"embeddable":true,"href":"https:\/\/blogomorangodonordeste.com.br\/index.php\/wp-json\/wp\/v2\/comments?post=3833"}],"version-history":[{"count":1,"href":"https:\/\/blogomorangodonordeste.com.br\/index.php\/wp-json\/wp\/v2\/posts\/3833\/revisions"}],"predecessor-version":[{"id":3836,"href":"https:\/\/blogomorangodonordeste.com.br\/index.php\/wp-json\/wp\/v2\/posts\/3833\/revisions\/3836"}],"wp:attachment":[{"href":"https:\/\/blogomorangodonordeste.com.br\/index.php\/wp-json\/wp\/v2\/media?parent=3833"}],"wp:term":[{"taxonomy":"category","embeddable":true,"href":"https:\/\/blogomorangodonordeste.com.br\/index.php\/wp-json\/wp\/v2\/categories?post=3833"},{"taxonomy":"post_tag","embeddable":true,"href":"https:\/\/blogomorangodonordeste.com.br\/index.php\/wp-json\/wp\/v2\/tags?post=3833"},{"taxonomy":"yst_prominent_words","embeddable":true,"href":"https:\/\/blogomorangodonordeste.com.br\/index.php\/wp-json\/wp\/v2\/yst_prominent_words?post=3833"}],"curies":[{"name":"wp","href":"https:\/\/api.w.org\/{rel}","templated":true}]}}