{"id":3810,"date":"2026-03-10T10:03:35","date_gmt":"2026-03-10T13:03:35","guid":{"rendered":"https:\/\/blogomorangodonordeste.com.br\/?p=3810"},"modified":"2026-03-10T10:03:35","modified_gmt":"2026-03-10T13:03:35","slug":"orleans-brandao-cresce-em-pesquisa-e-encurta-distancia-para-eduardo-braide-na-corrida-pelo-governo-do-maranhao","status":"publish","type":"post","link":"https:\/\/blogomorangodonordeste.com.br\/index.php\/2026\/03\/10\/orleans-brandao-cresce-em-pesquisa-e-encurta-distancia-para-eduardo-braide-na-corrida-pelo-governo-do-maranhao\/","title":{"rendered":"Orleans Brand\u00e3o cresce em pesquisa e encurta dist\u00e2ncia para Eduardo Braide na corrida pelo governo do Maranh\u00e3o"},"content":{"rendered":"<p><img loading=\"lazy\" decoding=\"async\" class=\"alignnone size-full wp-image-3813\" src=\"https:\/\/blogomorangodonordeste.com.br\/wp-content\/uploads\/2026\/03\/IMG-20260310-WA0126-1.jpg\" alt=\"\" width=\"1200\" height=\"800\" srcset=\"https:\/\/blogomorangodonordeste.com.br\/wp-content\/uploads\/2026\/03\/IMG-20260310-WA0126-1.jpg 1200w, https:\/\/blogomorangodonordeste.com.br\/wp-content\/uploads\/2026\/03\/IMG-20260310-WA0126-1-300x200.jpg 300w, https:\/\/blogomorangodonordeste.com.br\/wp-content\/uploads\/2026\/03\/IMG-20260310-WA0126-1-1024x683.jpg 1024w, https:\/\/blogomorangodonordeste.com.br\/wp-content\/uploads\/2026\/03\/IMG-20260310-WA0126-1-768x512.jpg 768w, https:\/\/blogomorangodonordeste.com.br\/wp-content\/uploads\/2026\/03\/IMG-20260310-WA0126-1-150x100.jpg 150w\" sizes=\"auto, (max-width: 1200px) 100vw, 1200px\" \/><\/p>\n<p>&nbsp;<\/p>\n<p>&nbsp;<\/p>\n<p>&nbsp;<\/p>\n<p>Um novo levantamento divulgado nesta ter\u00e7a-feira (10) pelo instituto Paran\u00e1 Pesquisas mostra que a disputa pelo governo do Maranh\u00e3o come\u00e7a a ganhar contornos mais acirrados. Embora o prefeito de S\u00e3o Lu\u00eds, Eduardo Braide (PSD), apare\u00e7a numericamente \u00e0 frente, o crescimento do secret\u00e1rio de Assuntos Municipalistas, Orleans Brand\u00e3o (MDB), reduziu a dist\u00e2ncia entre os dois e colocou o cen\u00e1rio dentro da margem de empate t\u00e9cnico.<\/p>\n<p>&nbsp;<\/p>\n<p>De acordo com os n\u00fameros da pesquisa, Braide registra 34,6% das inten\u00e7\u00f5es de voto, enquanto Orleans aparece com 30,3%. Considerando a margem de erro de 2,8 pontos percentuais para mais ou para menos, os resultados configuram um cen\u00e1rio de empate t\u00e9cnico entre os dois principais nomes que atualmente polarizam o debate eleitoral no estado.<\/p>\n<p>&nbsp;<\/p>\n<p>O destaque do levantamento \u00e9 o avan\u00e7o de Orleans Brand\u00e3o. Na rodada anterior da mesma pesquisa, realizada em agosto de 2025, o secret\u00e1rio aparecia com 20,9% das inten\u00e7\u00f5es de voto, enquanto Braide tinha 33,7%. Agora, Orleans cresce quase dez pontos percentuais, reduzindo a diferen\u00e7a e demonstrando uma expans\u00e3o de sua presen\u00e7a no eleitorado maranhense.<\/p>\n<p>&nbsp;<\/p>\n<p>Na sequ\u00eancia do levantamento aparece o ex-prefeito de S\u00e3o Pedro dos Crentes, Lahesio Bonfim (Novo), com 16,1%. O vice-governador Felipe Camar\u00e3o (PT) surge em seguida com 6,9%. Entre os entrevistados, 5,7% disseram n\u00e3o saber ou preferiram n\u00e3o responder, enquanto 6,4% afirmaram que votariam em branco, nulo ou em nenhum dos nomes apresentados.<\/p>\n<p>&nbsp;<\/p>\n<p>O instituto tamb\u00e9m avaliou poss\u00edveis cen\u00e1rios de segundo turno. Em uma eventual disputa direta entre Eduardo Braide e Orleans Brand\u00e3o, o prefeito da capital aparece com 47,3% das inten\u00e7\u00f5es de voto, contra 39,1% do secret\u00e1rio estadual. J\u00e1 em um confronto entre Orleans Brand\u00e3o e Lahesio Bonfim, o emedebista levaria vantagem, alcan\u00e7ando 47,1%, enquanto o ex-prefeito registraria 36,8%.<\/p>\n<p>&nbsp;<\/p>\n<p>O levantamento ouviu 1.300 eleitores em diversas regi\u00f5es do Maranh\u00e3o entre os dias 5 e 8 de mar\u00e7o. A margem de erro \u00e9 de 2,8 pontos percentuais, com n\u00edvel de confian\u00e7a de 95%. A pesquisa est\u00e1 registrada na Justi\u00e7a Eleitoral sob o n\u00famero MA-00634\/2026.<\/p>\n","protected":false},"excerpt":{"rendered":"<p>&nbsp; &nbsp; &nbsp; Um novo levantamento divulgado nesta ter\u00e7a-feira (10) pelo instituto Paran\u00e1 Pesquisas mostra que a disputa pelo governo do Maranh\u00e3o come\u00e7a a ganhar contornos mais acirrados. Embora o prefeito de S\u00e3o Lu\u00eds, Eduardo Braide (PSD), apare\u00e7a numericamente \u00e0 frente, o crescimento do secret\u00e1rio de Assuntos Municipalistas, Orleans Brand\u00e3o (MDB), reduziu a dist\u00e2ncia entre [&hellip;]<\/p>\n","protected":false},"author":1,"featured_media":0,"comment_status":"open","ping_status":"open","sticky":false,"template":"","format":"standard","meta":{"footnotes":""},"categories":[1],"tags":[],"yst_prominent_words":[],"class_list":["post-3810","post","type-post","status-publish","format-standard","hentry","category-noticia-geral"],"_links":{"self":[{"href":"https:\/\/blogomorangodonordeste.com.br\/index.php\/wp-json\/wp\/v2\/posts\/3810","targetHints":{"allow":["GET"]}}],"collection":[{"href":"https:\/\/blogomorangodonordeste.com.br\/index.php\/wp-json\/wp\/v2\/posts"}],"about":[{"href":"https:\/\/blogomorangodonordeste.com.br\/index.php\/wp-json\/wp\/v2\/types\/post"}],"author":[{"embeddable":true,"href":"https:\/\/blogomorangodonordeste.com.br\/index.php\/wp-json\/wp\/v2\/users\/1"}],"replies":[{"embeddable":true,"href":"https:\/\/blogomorangodonordeste.com.br\/index.php\/wp-json\/wp\/v2\/comments?post=3810"}],"version-history":[{"count":1,"href":"https:\/\/blogomorangodonordeste.com.br\/index.php\/wp-json\/wp\/v2\/posts\/3810\/revisions"}],"predecessor-version":[{"id":3814,"href":"https:\/\/blogomorangodonordeste.com.br\/index.php\/wp-json\/wp\/v2\/posts\/3810\/revisions\/3814"}],"wp:attachment":[{"href":"https:\/\/blogomorangodonordeste.com.br\/index.php\/wp-json\/wp\/v2\/media?parent=3810"}],"wp:term":[{"taxonomy":"category","embeddable":true,"href":"https:\/\/blogomorangodonordeste.com.br\/index.php\/wp-json\/wp\/v2\/categories?post=3810"},{"taxonomy":"post_tag","embeddable":true,"href":"https:\/\/blogomorangodonordeste.com.br\/index.php\/wp-json\/wp\/v2\/tags?post=3810"},{"taxonomy":"yst_prominent_words","embeddable":true,"href":"https:\/\/blogomorangodonordeste.com.br\/index.php\/wp-json\/wp\/v2\/yst_prominent_words?post=3810"}],"curies":[{"name":"wp","href":"https:\/\/api.w.org\/{rel}","templated":true}]}}