{"id":3437,"date":"2026-01-29T14:01:07","date_gmt":"2026-01-29T17:01:07","guid":{"rendered":"https:\/\/blogomorangodonordeste.com.br\/?p=3437"},"modified":"2026-01-29T14:01:07","modified_gmt":"2026-01-29T17:01:07","slug":"pesquisa-indica-empate-tecnico-de-lula-com-flavio-bolsonaro-e-tarcisio-em-cenarios-de-2o-turno-em-2026","status":"publish","type":"post","link":"https:\/\/blogomorangodonordeste.com.br\/index.php\/2026\/01\/29\/pesquisa-indica-empate-tecnico-de-lula-com-flavio-bolsonaro-e-tarcisio-em-cenarios-de-2o-turno-em-2026\/","title":{"rendered":"Pesquisa indica empate t\u00e9cnico de Lula com Fl\u00e1vio Bolsonaro e Tarc\u00edsio em cen\u00e1rios de 2\u00ba turno em 2026"},"content":{"rendered":"<p><img loading=\"lazy\" decoding=\"async\" class=\"alignnone size-full wp-image-3438\" src=\"https:\/\/blogomorangodonordeste.com.br\/wp-content\/uploads\/2026\/01\/IMG-20260129-WA10301.jpg\" alt=\"\" width=\"1000\" height=\"563\" srcset=\"https:\/\/blogomorangodonordeste.com.br\/wp-content\/uploads\/2026\/01\/IMG-20260129-WA10301.jpg 1000w, https:\/\/blogomorangodonordeste.com.br\/wp-content\/uploads\/2026\/01\/IMG-20260129-WA10301-300x169.jpg 300w, https:\/\/blogomorangodonordeste.com.br\/wp-content\/uploads\/2026\/01\/IMG-20260129-WA10301-768x432.jpg 768w\" sizes=\"auto, (max-width: 1000px) 100vw, 1000px\" \/><\/p>\n<p>&nbsp;<\/p>\n<p>O presidente Luiz In\u00e1cio Lula da Silva (PT) aparece em situa\u00e7\u00e3o de empate t\u00e9cnico com o senador Fl\u00e1vio Bolsonaro (PL-RJ) e com o governador de S\u00e3o Paulo, Tarc\u00edsio de Freitas (Republicanos), em eventuais disputas de segundo turno nas elei\u00e7\u00f5es presidenciais de 2026. Os dados constam em levantamento do instituto Paran\u00e1 Pesquisas divulgado nesta quinta-feira (29).<\/p>\n<p>&nbsp;<\/p>\n<p>No cen\u00e1rio entre Lula e Fl\u00e1vio Bolsonaro, o presidente registra 44,8% das inten\u00e7\u00f5es de voto, enquanto o senador aparece com 42,2%. Votos brancos e nulos somam 8,3%, e 4,7% dos entrevistados afirmaram n\u00e3o saber em quem votar.<\/p>\n<p>&nbsp;<\/p>\n<p>Em uma eventual disputa contra Tarc\u00edsio de Freitas, Lula aparece com 43,9%, ante 42,5% do governador paulista. Nesse cen\u00e1rio, 9,1% dos eleitores disseram que votariam em branco ou nulo, enquanto 4,6% n\u00e3o souberam responder.<\/p>\n<p>&nbsp;<\/p>\n<p>J\u00e1 no confronto com o governador do Paran\u00e1, Ratinho J\u00fanior (PSD), o presidente tem vantagem num\u00e9rica, com 44,7% das inten\u00e7\u00f5es de voto, contra 38,9% do advers\u00e1rio. Brancos e nulos somam 11,4%, e 5% dos entrevistados n\u00e3o opinaram.<\/p>\n<p>&nbsp;<\/p>\n<p>A pesquisa ouviu 2.080 eleitores em todo o pa\u00eds entre os dias 25 e 28 de janeiro. A margem de erro \u00e9 de 2,2 pontos percentuais, para mais ou para menos, com n\u00edvel de confian\u00e7a de 95%. O levantamento est\u00e1 registrado no Tribunal Superior Eleitoral (TSE) sob o protocolo BR-08254\/2026.<\/p>\n","protected":false},"excerpt":{"rendered":"<p>&nbsp; O presidente Luiz In\u00e1cio Lula da Silva (PT) aparece em situa\u00e7\u00e3o de empate t\u00e9cnico com o senador Fl\u00e1vio Bolsonaro (PL-RJ) e com o governador de S\u00e3o Paulo, Tarc\u00edsio de Freitas (Republicanos), em eventuais disputas de segundo turno nas elei\u00e7\u00f5es presidenciais de 2026. Os dados constam em levantamento do instituto Paran\u00e1 Pesquisas divulgado nesta quinta-feira [&hellip;]<\/p>\n","protected":false},"author":1,"featured_media":0,"comment_status":"open","ping_status":"open","sticky":false,"template":"","format":"standard","meta":{"footnotes":""},"categories":[1],"tags":[],"yst_prominent_words":[],"class_list":["post-3437","post","type-post","status-publish","format-standard","hentry","category-noticia-geral"],"_links":{"self":[{"href":"https:\/\/blogomorangodonordeste.com.br\/index.php\/wp-json\/wp\/v2\/posts\/3437","targetHints":{"allow":["GET"]}}],"collection":[{"href":"https:\/\/blogomorangodonordeste.com.br\/index.php\/wp-json\/wp\/v2\/posts"}],"about":[{"href":"https:\/\/blogomorangodonordeste.com.br\/index.php\/wp-json\/wp\/v2\/types\/post"}],"author":[{"embeddable":true,"href":"https:\/\/blogomorangodonordeste.com.br\/index.php\/wp-json\/wp\/v2\/users\/1"}],"replies":[{"embeddable":true,"href":"https:\/\/blogomorangodonordeste.com.br\/index.php\/wp-json\/wp\/v2\/comments?post=3437"}],"version-history":[{"count":1,"href":"https:\/\/blogomorangodonordeste.com.br\/index.php\/wp-json\/wp\/v2\/posts\/3437\/revisions"}],"predecessor-version":[{"id":3439,"href":"https:\/\/blogomorangodonordeste.com.br\/index.php\/wp-json\/wp\/v2\/posts\/3437\/revisions\/3439"}],"wp:attachment":[{"href":"https:\/\/blogomorangodonordeste.com.br\/index.php\/wp-json\/wp\/v2\/media?parent=3437"}],"wp:term":[{"taxonomy":"category","embeddable":true,"href":"https:\/\/blogomorangodonordeste.com.br\/index.php\/wp-json\/wp\/v2\/categories?post=3437"},{"taxonomy":"post_tag","embeddable":true,"href":"https:\/\/blogomorangodonordeste.com.br\/index.php\/wp-json\/wp\/v2\/tags?post=3437"},{"taxonomy":"yst_prominent_words","embeddable":true,"href":"https:\/\/blogomorangodonordeste.com.br\/index.php\/wp-json\/wp\/v2\/yst_prominent_words?post=3437"}],"curies":[{"name":"wp","href":"https:\/\/api.w.org\/{rel}","templated":true}]}}