{"id":3417,"date":"2026-01-28T09:41:49","date_gmt":"2026-01-28T12:41:49","guid":{"rendered":"https:\/\/blogomorangodonordeste.com.br\/?p=3417"},"modified":"2026-01-28T09:41:49","modified_gmt":"2026-01-28T12:41:49","slug":"base-aliada-declara-apoio-a-orleans-brandao-como-pre-candidato-ao-governo-do-maranhao","status":"publish","type":"post","link":"https:\/\/blogomorangodonordeste.com.br\/index.php\/2026\/01\/28\/base-aliada-declara-apoio-a-orleans-brandao-como-pre-candidato-ao-governo-do-maranhao\/","title":{"rendered":"Base aliada declara apoio a Orleans Brand\u00e3o como pr\u00e9-candidato ao governo do Maranh\u00e3o"},"content":{"rendered":"<p><img loading=\"lazy\" decoding=\"async\" class=\"alignnone size-full wp-image-3418\" src=\"https:\/\/blogomorangodonordeste.com.br\/wp-content\/uploads\/2026\/01\/IMG-20260128-WA0074.jpg\" alt=\"\" width=\"1536\" height=\"1024\" srcset=\"https:\/\/blogomorangodonordeste.com.br\/wp-content\/uploads\/2026\/01\/IMG-20260128-WA0074.jpg 1536w, https:\/\/blogomorangodonordeste.com.br\/wp-content\/uploads\/2026\/01\/IMG-20260128-WA0074-300x200.jpg 300w, https:\/\/blogomorangodonordeste.com.br\/wp-content\/uploads\/2026\/01\/IMG-20260128-WA0074-1024x683.jpg 1024w, https:\/\/blogomorangodonordeste.com.br\/wp-content\/uploads\/2026\/01\/IMG-20260128-WA0074-768x512.jpg 768w, https:\/\/blogomorangodonordeste.com.br\/wp-content\/uploads\/2026\/01\/IMG-20260128-WA0074-150x100.jpg 150w\" sizes=\"auto, (max-width: 1536px) 100vw, 1536px\" \/><\/p>\n<p>&nbsp;<\/p>\n<p>Em reuni\u00e3o realizada nesta ter\u00e7a-feira (27) com o governador Carlos Brand\u00e3o, presidentes e representantes de 12 partidos da base aliada anunciaram apoio ao nome de Orleans Brand\u00e3o (MDB), atual secret\u00e1rio de Estado de Assuntos Municipalistas, como pr\u00e9-candidato ao governo do Maranh\u00e3o nas elei\u00e7\u00f5es deste ano.<\/p>\n<p>&nbsp;<\/p>\n<p>Participaram do encontro Amanda Gentil, presidente do PP; Pedro Lucas, presidente do Uni\u00e3o Brasil; F\u00e1bio Macedo, presidente do Podemos; Orleans Brand\u00e3o, presidente do MDB; Alu\u00edsio Mendes e Celso Dias, presidente e vice-presidente do PRB; Sebasti\u00e3o Madeira, presidente do PSDB; o senador Weverton Rocha, presidente do PDT; Adriano Sarney, presidente do PV; Luciano Gen\u00e9sio, presidente do Solidariedade; Eliel Gama, presidente do Cidadania; o secret\u00e1rio de Estado de Ind\u00fastria e Com\u00e9rcio, Junior Marreca, e o deputado federal Marreca Filho, representando Rosa Filgueira, presidente do PRD; o vice-presidente do Avante, Fabiano Gallotti; e o deputado federal J\u00fanior Louren\u00e7o.<\/p>\n<p>&nbsp;<\/p>\n<p>Tamb\u00e9m estiveram presentes o deputado federal e ministro do Esporte, Andr\u00e9 Fufuca (PP); a presidente e o vice-presidente da Assembleia Legislativa, deputados Iracema Vale e Ant\u00f4nio Pereira; o presidente da Federa\u00e7\u00e3o dos Munic\u00edpios do Maranh\u00e3o (Famem) e prefeito de Bacabal, Roberto Costa; al\u00e9m do secret\u00e1rio de Estado de Articula\u00e7\u00e3o Pol\u00edtica, Junior Viana.<\/p>\n<p>&nbsp;<\/p>\n<p>A indica\u00e7\u00e3o de Orleans Brand\u00e3o como pr\u00e9-candidato \u00e9 resultado de um processo de di\u00e1logo e articula\u00e7\u00e3o entre os partidos da base governista, que passaram a convergir em torno de seu nome para a disputa ao Pal\u00e1cio dos Le\u00f5es. O governador Carlos Brand\u00e3o acompanhou a decis\u00e3o coletiva das legendas. Pesquisa do instituto Econom\u00e9trica, divulgada no \u00faltimo dia 22 e encomendada pelo Portal Imirante, aponta Orleans na lideran\u00e7a, com 33,9% das inten\u00e7\u00f5es de voto.<\/p>\n<p>&nbsp;<\/p>\n<p>Em suas redes sociais, o governador destacou o alinhamento pol\u00edtico. \u201cRecebi hoje presidentes e representantes de 12 partidos da nossa base aliada. Foi um encontro marcado pelo di\u00e1logo, em que me apresentaram o nome de Orleans como pr\u00e9-candidato ao governo. Vamos trabalhar por esse alinhamento junto ao presidente Lula. Nossa miss\u00e3o \u00e9 continuar os avan\u00e7os no Maranh\u00e3o, com programas como Educa\u00e7\u00e3o de Verdade, Maranh\u00e3o Livre da Fome, recupera\u00e7\u00e3o e implanta\u00e7\u00e3o de estradas, incentivo ao turismo, gera\u00e7\u00e3o de renda, entre tantas outras a\u00e7\u00f5es\u201d, afirmou Brand\u00e3o.<\/p>\n<p>&nbsp;<\/p>\n<p>Orleans Brand\u00e3o teve papel central no desempenho do grupo governista na \u00faltima elei\u00e7\u00e3o municipal. Das 20 maiores cidades do estado, 17 elegeram prefeitos aliados ao governo. No total dos 217 munic\u00edpios maranhenses, 158 escolheram gestores alinhados \u00e0 base governista. Em S\u00e3o Lu\u00eds, o campo aliado tamb\u00e9m garantiu maioria expressiva na C\u00e2mara Municipal, com a elei\u00e7\u00e3o de 23 vereadores alinhados ao governo.<\/p>\n<p>&nbsp;<\/p>\n<p>Com o apoio formalizado pelas siglas, Orleans se consolida como o principal nome j\u00e1 definido na disputa majorit\u00e1ria at\u00e9 o momento. As discuss\u00f5es sobre a vaga de vice-governador e sobre a candidatura ao Senado seguem em aberto e continuam sendo tratadas nas pr\u00f3ximas rodadas de di\u00e1logo entre os partidos.<\/p>\n","protected":false},"excerpt":{"rendered":"<p>&nbsp; Em reuni\u00e3o realizada nesta ter\u00e7a-feira (27) com o governador Carlos Brand\u00e3o, presidentes e representantes de 12 partidos da base aliada anunciaram apoio ao nome de Orleans Brand\u00e3o (MDB), atual secret\u00e1rio de Estado de Assuntos Municipalistas, como pr\u00e9-candidato ao governo do Maranh\u00e3o nas elei\u00e7\u00f5es deste ano. &nbsp; Participaram do encontro Amanda Gentil, presidente do PP; [&hellip;]<\/p>\n","protected":false},"author":1,"featured_media":0,"comment_status":"open","ping_status":"open","sticky":false,"template":"","format":"standard","meta":{"footnotes":""},"categories":[1],"tags":[],"yst_prominent_words":[],"class_list":["post-3417","post","type-post","status-publish","format-standard","hentry","category-noticia-geral"],"_links":{"self":[{"href":"https:\/\/blogomorangodonordeste.com.br\/index.php\/wp-json\/wp\/v2\/posts\/3417","targetHints":{"allow":["GET"]}}],"collection":[{"href":"https:\/\/blogomorangodonordeste.com.br\/index.php\/wp-json\/wp\/v2\/posts"}],"about":[{"href":"https:\/\/blogomorangodonordeste.com.br\/index.php\/wp-json\/wp\/v2\/types\/post"}],"author":[{"embeddable":true,"href":"https:\/\/blogomorangodonordeste.com.br\/index.php\/wp-json\/wp\/v2\/users\/1"}],"replies":[{"embeddable":true,"href":"https:\/\/blogomorangodonordeste.com.br\/index.php\/wp-json\/wp\/v2\/comments?post=3417"}],"version-history":[{"count":1,"href":"https:\/\/blogomorangodonordeste.com.br\/index.php\/wp-json\/wp\/v2\/posts\/3417\/revisions"}],"predecessor-version":[{"id":3419,"href":"https:\/\/blogomorangodonordeste.com.br\/index.php\/wp-json\/wp\/v2\/posts\/3417\/revisions\/3419"}],"wp:attachment":[{"href":"https:\/\/blogomorangodonordeste.com.br\/index.php\/wp-json\/wp\/v2\/media?parent=3417"}],"wp:term":[{"taxonomy":"category","embeddable":true,"href":"https:\/\/blogomorangodonordeste.com.br\/index.php\/wp-json\/wp\/v2\/categories?post=3417"},{"taxonomy":"post_tag","embeddable":true,"href":"https:\/\/blogomorangodonordeste.com.br\/index.php\/wp-json\/wp\/v2\/tags?post=3417"},{"taxonomy":"yst_prominent_words","embeddable":true,"href":"https:\/\/blogomorangodonordeste.com.br\/index.php\/wp-json\/wp\/v2\/yst_prominent_words?post=3417"}],"curies":[{"name":"wp","href":"https:\/\/api.w.org\/{rel}","templated":true}]}}