{"id":3412,"date":"2026-01-27T10:50:54","date_gmt":"2026-01-27T13:50:54","guid":{"rendered":"https:\/\/blogomorangodonordeste.com.br\/?p=3412"},"modified":"2026-01-27T10:50:54","modified_gmt":"2026-01-27T13:50:54","slug":"brandao-reafirma-permanencia-no-governo-e-descarta-candidatura-ao-senado","status":"publish","type":"post","link":"https:\/\/blogomorangodonordeste.com.br\/index.php\/2026\/01\/27\/brandao-reafirma-permanencia-no-governo-e-descarta-candidatura-ao-senado\/","title":{"rendered":"Brand\u00e3o reafirma perman\u00eancia no governo e descarta candidatura ao Senado"},"content":{"rendered":"<p><img loading=\"lazy\" decoding=\"async\" class=\"alignnone size-full wp-image-3413\" src=\"https:\/\/blogomorangodonordeste.com.br\/wp-content\/uploads\/2026\/01\/IMG-20260127-WA00431.jpg\" alt=\"\" width=\"639\" height=\"564\" srcset=\"https:\/\/blogomorangodonordeste.com.br\/wp-content\/uploads\/2026\/01\/IMG-20260127-WA00431.jpg 639w, https:\/\/blogomorangodonordeste.com.br\/wp-content\/uploads\/2026\/01\/IMG-20260127-WA00431-300x265.jpg 300w\" sizes=\"auto, (max-width: 639px) 100vw, 639px\" \/><\/p>\n<p>&nbsp;<\/p>\n<p>O governador do Maranh\u00e3o, Carlos Brand\u00e3o, reafirmou a dirigentes do Partido dos Trabalhadores (PT), durante reuni\u00e3o realizada na segunda-feira (26), que permanecer\u00e1 no comando do Executivo estadual at\u00e9 o fim do mandato, abrindo m\u00e3o de uma eventual candidatura ao Senado.<\/p>\n<p>&nbsp;<\/p>\n<p>A confirma\u00e7\u00e3o refor\u00e7ou o posicionamento j\u00e1 manifestado pelo governador em entrevista concedida \u00e0 revista Veja no fim de semana. Na ocasi\u00e3o, Brand\u00e3o afirmou que sua decis\u00e3o de permanecer no cargo tem como objetivo impedir que advers\u00e1rios pol\u00edticos assumam o Pal\u00e1cio dos Le\u00f5es. \u201cVou at\u00e9 o fim porque n\u00e3o vou entregar o cargo a algu\u00e9m que se juntou com meus advers\u00e1rios\u201d, declarou.<\/p>\n<p>&nbsp;<\/p>\n<p>Com essa defini\u00e7\u00e3o, integrantes do PT que participaram do encontro passaram a defender com ainda mais convic\u00e7\u00e3o a possibilidade de retorno da presidente da Assembleia Legislativa do Maranh\u00e3o, deputada estadual Iracema Vale, aos quadros do partido.<\/p>\n<p>&nbsp;<\/p>\n<p>A sinaliza\u00e7\u00e3o do governador \u00e9 vista por aliados como um movimento de estabilidade pol\u00edtica no estado, ao mesmo tempo em que influencia diretamente as articula\u00e7\u00f5es partid\u00e1rias e eleitorais para os pr\u00f3ximos anos.<\/p>\n","protected":false},"excerpt":{"rendered":"<p>&nbsp; O governador do Maranh\u00e3o, Carlos Brand\u00e3o, reafirmou a dirigentes do Partido dos Trabalhadores (PT), durante reuni\u00e3o realizada na segunda-feira (26), que permanecer\u00e1 no comando do Executivo estadual at\u00e9 o fim do mandato, abrindo m\u00e3o de uma eventual candidatura ao Senado. &nbsp; A confirma\u00e7\u00e3o refor\u00e7ou o posicionamento j\u00e1 manifestado pelo governador em entrevista concedida \u00e0 [&hellip;]<\/p>\n","protected":false},"author":1,"featured_media":0,"comment_status":"open","ping_status":"open","sticky":false,"template":"","format":"standard","meta":{"footnotes":""},"categories":[1],"tags":[],"yst_prominent_words":[],"class_list":["post-3412","post","type-post","status-publish","format-standard","hentry","category-noticia-geral"],"_links":{"self":[{"href":"https:\/\/blogomorangodonordeste.com.br\/index.php\/wp-json\/wp\/v2\/posts\/3412","targetHints":{"allow":["GET"]}}],"collection":[{"href":"https:\/\/blogomorangodonordeste.com.br\/index.php\/wp-json\/wp\/v2\/posts"}],"about":[{"href":"https:\/\/blogomorangodonordeste.com.br\/index.php\/wp-json\/wp\/v2\/types\/post"}],"author":[{"embeddable":true,"href":"https:\/\/blogomorangodonordeste.com.br\/index.php\/wp-json\/wp\/v2\/users\/1"}],"replies":[{"embeddable":true,"href":"https:\/\/blogomorangodonordeste.com.br\/index.php\/wp-json\/wp\/v2\/comments?post=3412"}],"version-history":[{"count":1,"href":"https:\/\/blogomorangodonordeste.com.br\/index.php\/wp-json\/wp\/v2\/posts\/3412\/revisions"}],"predecessor-version":[{"id":3414,"href":"https:\/\/blogomorangodonordeste.com.br\/index.php\/wp-json\/wp\/v2\/posts\/3412\/revisions\/3414"}],"wp:attachment":[{"href":"https:\/\/blogomorangodonordeste.com.br\/index.php\/wp-json\/wp\/v2\/media?parent=3412"}],"wp:term":[{"taxonomy":"category","embeddable":true,"href":"https:\/\/blogomorangodonordeste.com.br\/index.php\/wp-json\/wp\/v2\/categories?post=3412"},{"taxonomy":"post_tag","embeddable":true,"href":"https:\/\/blogomorangodonordeste.com.br\/index.php\/wp-json\/wp\/v2\/tags?post=3412"},{"taxonomy":"yst_prominent_words","embeddable":true,"href":"https:\/\/blogomorangodonordeste.com.br\/index.php\/wp-json\/wp\/v2\/yst_prominent_words?post=3412"}],"curies":[{"name":"wp","href":"https:\/\/api.w.org\/{rel}","templated":true}]}}