{"id":3404,"date":"2026-01-26T15:44:55","date_gmt":"2026-01-26T18:44:55","guid":{"rendered":"https:\/\/blogomorangodonordeste.com.br\/?p=3404"},"modified":"2026-01-26T15:44:55","modified_gmt":"2026-01-26T18:44:55","slug":"tjma-substitui-prisao-preventiva-por-domiciliar-de-primeira-dama-e-vice-prefeita-de-turilandia","status":"publish","type":"post","link":"https:\/\/blogomorangodonordeste.com.br\/index.php\/2026\/01\/26\/tjma-substitui-prisao-preventiva-por-domiciliar-de-primeira-dama-e-vice-prefeita-de-turilandia\/","title":{"rendered":"TJMA substitui pris\u00e3o preventiva por domiciliar de primeira-dama e vice-prefeita de Turil\u00e2ndia"},"content":{"rendered":"<p><img loading=\"lazy\" decoding=\"async\" class=\"alignnone size-full wp-image-3405\" src=\"https:\/\/blogomorangodonordeste.com.br\/wp-content\/uploads\/2026\/01\/IMG-20260126-WA0883.jpg\" alt=\"\" width=\"900\" height=\"506\" srcset=\"https:\/\/blogomorangodonordeste.com.br\/wp-content\/uploads\/2026\/01\/IMG-20260126-WA0883.jpg 900w, https:\/\/blogomorangodonordeste.com.br\/wp-content\/uploads\/2026\/01\/IMG-20260126-WA0883-300x169.jpg 300w, https:\/\/blogomorangodonordeste.com.br\/wp-content\/uploads\/2026\/01\/IMG-20260126-WA0883-768x432.jpg 768w\" sizes=\"auto, (max-width: 900px) 100vw, 900px\" \/><\/p>\n<p>&nbsp;<\/p>\n<p>&nbsp;<\/p>\n<p>A Terceira C\u00e2mara de Direito Criminal do Tribunal de Justi\u00e7a do Maranh\u00e3o decidiu, por unanimidade, substituir a pris\u00e3o preventiva por pris\u00e3o domiciliar de Eva Maria Oliveira Cutrim Dantas, primeira-dama do munic\u00edpio de Turil\u00e2ndia, e de Tanya Karla Cardoso Mendes Mendon\u00e7a, vice-prefeita da cidade. A decis\u00e3o foi tomada no julgamento de representa\u00e7\u00e3o cautelar vinculada a uma a\u00e7\u00e3o penal em tramita\u00e7\u00e3o no pr\u00f3prio Tribunal.<\/p>\n<p>&nbsp;<\/p>\n<p>O voto foi relatado pela desembargadora Maria da Gra\u00e7a Peres Soares Amorim, que considerou a condi\u00e7\u00e3o familiar das investigadas, ambas m\u00e3es de crian\u00e7as menores de 12 anos, al\u00e9m de relat\u00f3rio social elaborado por equipe t\u00e9cnica da Vara da Inf\u00e2ncia e Juventude. O documento apontou impactos emocionais relevantes sofridos pelos filhos em raz\u00e3o do afastamento das m\u00e3es do conv\u00edvio familiar.<\/p>\n<p>&nbsp;<\/p>\n<p>De acordo com a relatora, o levantamento social apresentou novos elementos que justificaram a reavalia\u00e7\u00e3o da medida extrema. O relat\u00f3rio destacou que as crian\u00e7as passaram a demonstrar sinais de sofrimento emocional, altera\u00e7\u00f5es de comportamento e dificuldades decorrentes da aus\u00eancia materna, especialmente na primeira inf\u00e2ncia, fase considerada fundamental para o desenvolvimento afetivo.<\/p>\n<p>&nbsp;<\/p>\n<p>Ao analisar o caso, a C\u00e2mara ressaltou que os fatos investigados n\u00e3o envolvem viol\u00eancia ou grave amea\u00e7a, o que possibilita a ado\u00e7\u00e3o de medidas cautelares menos severas. Nesse sentido, os magistrados entenderam que a pris\u00e3o domiciliar atende de forma mais equilibrada ao interesse p\u00fablico, sem comprometer a continuidade das investiga\u00e7\u00f5es.<\/p>\n<p>&nbsp;<\/p>\n<p>A decis\u00e3o imp\u00f4s restri\u00e7\u00f5es \u00e0s investigadas, incluindo a proibi\u00e7\u00e3o de contato com outros envolvidos, a obrigatoriedade de comparecimento aos atos processuais e limita\u00e7\u00f5es de deslocamento. No caso da vice-prefeita Tanya Karla, foi mantido o afastamento do cargo.<\/p>\n<p>&nbsp;<\/p>\n<p>Com a determina\u00e7\u00e3o, foram expedidos os alvar\u00e1s para que a primeira-dama e a vice-prefeita passem a cumprir a pris\u00e3o domiciliar, ficando advertidas de que o descumprimento das condi\u00e7\u00f5es impostas poder\u00e1 resultar no restabelecimento da pris\u00e3o preventiva.<\/p>\n","protected":false},"excerpt":{"rendered":"<p>&nbsp; &nbsp; A Terceira C\u00e2mara de Direito Criminal do Tribunal de Justi\u00e7a do Maranh\u00e3o decidiu, por unanimidade, substituir a pris\u00e3o preventiva por pris\u00e3o domiciliar de Eva Maria Oliveira Cutrim Dantas, primeira-dama do munic\u00edpio de Turil\u00e2ndia, e de Tanya Karla Cardoso Mendes Mendon\u00e7a, vice-prefeita da cidade. A decis\u00e3o foi tomada no julgamento de representa\u00e7\u00e3o cautelar vinculada [&hellip;]<\/p>\n","protected":false},"author":1,"featured_media":0,"comment_status":"open","ping_status":"open","sticky":false,"template":"","format":"standard","meta":{"footnotes":""},"categories":[1],"tags":[],"yst_prominent_words":[],"class_list":["post-3404","post","type-post","status-publish","format-standard","hentry","category-noticia-geral"],"_links":{"self":[{"href":"https:\/\/blogomorangodonordeste.com.br\/index.php\/wp-json\/wp\/v2\/posts\/3404","targetHints":{"allow":["GET"]}}],"collection":[{"href":"https:\/\/blogomorangodonordeste.com.br\/index.php\/wp-json\/wp\/v2\/posts"}],"about":[{"href":"https:\/\/blogomorangodonordeste.com.br\/index.php\/wp-json\/wp\/v2\/types\/post"}],"author":[{"embeddable":true,"href":"https:\/\/blogomorangodonordeste.com.br\/index.php\/wp-json\/wp\/v2\/users\/1"}],"replies":[{"embeddable":true,"href":"https:\/\/blogomorangodonordeste.com.br\/index.php\/wp-json\/wp\/v2\/comments?post=3404"}],"version-history":[{"count":1,"href":"https:\/\/blogomorangodonordeste.com.br\/index.php\/wp-json\/wp\/v2\/posts\/3404\/revisions"}],"predecessor-version":[{"id":3406,"href":"https:\/\/blogomorangodonordeste.com.br\/index.php\/wp-json\/wp\/v2\/posts\/3404\/revisions\/3406"}],"wp:attachment":[{"href":"https:\/\/blogomorangodonordeste.com.br\/index.php\/wp-json\/wp\/v2\/media?parent=3404"}],"wp:term":[{"taxonomy":"category","embeddable":true,"href":"https:\/\/blogomorangodonordeste.com.br\/index.php\/wp-json\/wp\/v2\/categories?post=3404"},{"taxonomy":"post_tag","embeddable":true,"href":"https:\/\/blogomorangodonordeste.com.br\/index.php\/wp-json\/wp\/v2\/tags?post=3404"},{"taxonomy":"yst_prominent_words","embeddable":true,"href":"https:\/\/blogomorangodonordeste.com.br\/index.php\/wp-json\/wp\/v2\/yst_prominent_words?post=3404"}],"curies":[{"name":"wp","href":"https:\/\/api.w.org\/{rel}","templated":true}]}}