{"id":3384,"date":"2026-01-23T13:11:02","date_gmt":"2026-01-23T16:11:02","guid":{"rendered":"https:\/\/blogomorangodonordeste.com.br\/?p=3384"},"modified":"2026-01-23T13:11:02","modified_gmt":"2026-01-23T16:11:02","slug":"buscas-por-criancas-desaparecidas-em-bacabal-seguem-com-equipes-reduzidas-e-nova-fase-da-investigacao","status":"publish","type":"post","link":"https:\/\/blogomorangodonordeste.com.br\/index.php\/2026\/01\/23\/buscas-por-criancas-desaparecidas-em-bacabal-seguem-com-equipes-reduzidas-e-nova-fase-da-investigacao\/","title":{"rendered":"Buscas por crian\u00e7as desaparecidas em Bacabal seguem com equipes reduzidas e nova fase da investiga\u00e7\u00e3o"},"content":{"rendered":"<p><img loading=\"lazy\" decoding=\"async\" class=\"alignnone size-full wp-image-3386\" src=\"https:\/\/blogomorangodonordeste.com.br\/wp-content\/uploads\/2026\/01\/IMG-20260123-WA0175-1.jpg\" alt=\"\" width=\"1600\" height=\"900\" srcset=\"https:\/\/blogomorangodonordeste.com.br\/wp-content\/uploads\/2026\/01\/IMG-20260123-WA0175-1.jpg 1600w, https:\/\/blogomorangodonordeste.com.br\/wp-content\/uploads\/2026\/01\/IMG-20260123-WA0175-1-300x169.jpg 300w, https:\/\/blogomorangodonordeste.com.br\/wp-content\/uploads\/2026\/01\/IMG-20260123-WA0175-1-1024x576.jpg 1024w, https:\/\/blogomorangodonordeste.com.br\/wp-content\/uploads\/2026\/01\/IMG-20260123-WA0175-1-768x432.jpg 768w, https:\/\/blogomorangodonordeste.com.br\/wp-content\/uploads\/2026\/01\/IMG-20260123-WA0175-1-1536x864.jpg 1536w\" sizes=\"auto, (max-width: 1600px) 100vw, 1600px\" \/><\/p>\n<p>&nbsp;<\/p>\n<p>&nbsp;<\/p>\n<p>As buscas por \u00c1gatha Isabelly, de 6 anos, e Allan Michael, de 4, desaparecidos no quilombo S\u00e3o Sebasti\u00e3o, em Bacabal, seguem em andamento, por\u00e9m com equipes reduzidas. A informa\u00e7\u00e3o foi confirmada por autoridades de seguran\u00e7a durante coletiva de imprensa realizada nesta quinta-feira (22). Nesta sexta-feira (23), o desaparecimento das crian\u00e7as completa 20 dias.<\/p>\n<p>&nbsp;<\/p>\n<p>De acordo com os respons\u00e1veis pela opera\u00e7\u00e3o, as investiga\u00e7\u00f5es conduzidas pela Pol\u00edcia Civil entraram em uma nova fase, com estrat\u00e9gias mais espec\u00edficas e direcionadas. As autoridades refor\u00e7aram que nenhuma hip\u00f3tese foi descartada at\u00e9 o momento.<\/p>\n<p>&nbsp;<\/p>\n<p>A falta de respostas tem causado dor e ang\u00fastia entre os familiares. \u201cS\u00f3 tristeza que n\u00f3s temos aqui. A gente espera qualquer resposta e n\u00e3o tem resultado nenhum. Est\u00e3o com essa busca toda na nossa comunidade e n\u00e3o temos nenhum resultado\u201d, desabafou a av\u00f3 das crian\u00e7as, Francisca Cardoso.<\/p>\n<p>&nbsp;<\/p>\n<p>For\u00e7a-tarefa mobilizou milhares de pessoas<\/p>\n<p>&nbsp;<\/p>\n<p>Desde o in\u00edcio das buscas, uma grande for\u00e7a-tarefa foi montada envolvendo as for\u00e7as de seguran\u00e7a do Estado, a Prefeitura de Bacabal, o Ex\u00e9rcito Brasileiro, a Marinha do Brasil e o Corpo de Bombeiros dos estados do Par\u00e1 e do Cear\u00e1. Ao todo, mais de seis mil pessoas participaram das a\u00e7\u00f5es na mata e em \u00e1reas alagadas da regi\u00e3o.<\/p>\n<p>&nbsp;<\/p>\n<p>Toda a \u00e1rea de mata foi minuciosamente vasculhada com o aux\u00edlio de c\u00e3es farejadores, aeronaves, drones equipados com sensores termais e o trabalho de centenas de profissionais especializados. O Ex\u00e9rcito Brasileiro mant\u00e9m na comunidade 24 militares treinados em opera\u00e7\u00f5es de selva e rastreamento, utilizando equipamentos espec\u00edficos para auxiliar nas buscas.<\/p>\n<p>&nbsp;<\/p>\n<p>No Rio Mearim, as opera\u00e7\u00f5es aqu\u00e1ticas e subaqu\u00e1ticas j\u00e1 percorreram cerca de 19 quil\u00f4metros. Deste total, aproximadamente cinco quil\u00f4metros foram analisados com o uso do side scan sonar, equipamento operado pela Marinha do Brasil que permite uma varredura detalhada do leito do rio.<\/p>\n","protected":false},"excerpt":{"rendered":"<p>&nbsp; &nbsp; As buscas por \u00c1gatha Isabelly, de 6 anos, e Allan Michael, de 4, desaparecidos no quilombo S\u00e3o Sebasti\u00e3o, em Bacabal, seguem em andamento, por\u00e9m com equipes reduzidas. A informa\u00e7\u00e3o foi confirmada por autoridades de seguran\u00e7a durante coletiva de imprensa realizada nesta quinta-feira (22). Nesta sexta-feira (23), o desaparecimento das crian\u00e7as completa 20 dias. [&hellip;]<\/p>\n","protected":false},"author":1,"featured_media":0,"comment_status":"open","ping_status":"open","sticky":false,"template":"","format":"standard","meta":{"footnotes":""},"categories":[1],"tags":[],"yst_prominent_words":[],"class_list":["post-3384","post","type-post","status-publish","format-standard","hentry","category-noticia-geral"],"_links":{"self":[{"href":"https:\/\/blogomorangodonordeste.com.br\/index.php\/wp-json\/wp\/v2\/posts\/3384","targetHints":{"allow":["GET"]}}],"collection":[{"href":"https:\/\/blogomorangodonordeste.com.br\/index.php\/wp-json\/wp\/v2\/posts"}],"about":[{"href":"https:\/\/blogomorangodonordeste.com.br\/index.php\/wp-json\/wp\/v2\/types\/post"}],"author":[{"embeddable":true,"href":"https:\/\/blogomorangodonordeste.com.br\/index.php\/wp-json\/wp\/v2\/users\/1"}],"replies":[{"embeddable":true,"href":"https:\/\/blogomorangodonordeste.com.br\/index.php\/wp-json\/wp\/v2\/comments?post=3384"}],"version-history":[{"count":1,"href":"https:\/\/blogomorangodonordeste.com.br\/index.php\/wp-json\/wp\/v2\/posts\/3384\/revisions"}],"predecessor-version":[{"id":3387,"href":"https:\/\/blogomorangodonordeste.com.br\/index.php\/wp-json\/wp\/v2\/posts\/3384\/revisions\/3387"}],"wp:attachment":[{"href":"https:\/\/blogomorangodonordeste.com.br\/index.php\/wp-json\/wp\/v2\/media?parent=3384"}],"wp:term":[{"taxonomy":"category","embeddable":true,"href":"https:\/\/blogomorangodonordeste.com.br\/index.php\/wp-json\/wp\/v2\/categories?post=3384"},{"taxonomy":"post_tag","embeddable":true,"href":"https:\/\/blogomorangodonordeste.com.br\/index.php\/wp-json\/wp\/v2\/tags?post=3384"},{"taxonomy":"yst_prominent_words","embeddable":true,"href":"https:\/\/blogomorangodonordeste.com.br\/index.php\/wp-json\/wp\/v2\/yst_prominent_words?post=3384"}],"curies":[{"name":"wp","href":"https:\/\/api.w.org\/{rel}","templated":true}]}}