{"id":3378,"date":"2026-01-22T20:34:17","date_gmt":"2026-01-22T23:34:17","guid":{"rendered":"https:\/\/blogomorangodonordeste.com.br\/?p=3378"},"modified":"2026-01-22T20:34:17","modified_gmt":"2026-01-22T23:34:17","slug":"governo-do-estado-garante-inclusao-digital-a-alunos-da-rede-estadual-em-timon","status":"publish","type":"post","link":"https:\/\/blogomorangodonordeste.com.br\/index.php\/2026\/01\/22\/governo-do-estado-garante-inclusao-digital-a-alunos-da-rede-estadual-em-timon\/","title":{"rendered":"Governo do Estado garante inclus\u00e3o digital a alunos da rede estadual em Timon*"},"content":{"rendered":"<p><img loading=\"lazy\" decoding=\"async\" class=\"alignnone size-full wp-image-3379\" src=\"https:\/\/blogomorangodonordeste.com.br\/wp-content\/uploads\/2026\/01\/IMG-20260122-WA0433.jpg\" alt=\"\" width=\"1600\" height=\"900\" srcset=\"https:\/\/blogomorangodonordeste.com.br\/wp-content\/uploads\/2026\/01\/IMG-20260122-WA0433.jpg 1600w, https:\/\/blogomorangodonordeste.com.br\/wp-content\/uploads\/2026\/01\/IMG-20260122-WA0433-300x169.jpg 300w, https:\/\/blogomorangodonordeste.com.br\/wp-content\/uploads\/2026\/01\/IMG-20260122-WA0433-1024x576.jpg 1024w, https:\/\/blogomorangodonordeste.com.br\/wp-content\/uploads\/2026\/01\/IMG-20260122-WA0433-768x432.jpg 768w, https:\/\/blogomorangodonordeste.com.br\/wp-content\/uploads\/2026\/01\/IMG-20260122-WA0433-1536x864.jpg 1536w\" sizes=\"auto, (max-width: 1600px) 100vw, 1600px\" \/><\/p>\n<p>&nbsp;<\/p>\n<p>Mais de 3 mil alunos da rede estadual de ensino em Timon agora t\u00eam conectividade e acesso a plataformas de conhecimento. Em mais uma edi\u00e7\u00e3o do Festival Conecta, realizado ter\u00e7a-feira (20), eles receberam tablets com internet entregues pelo secret\u00e1rio de Assuntos Municipalistas, Orleans Brand\u00e3o, pela secret\u00e1ria estadual de Educa\u00e7\u00e3o, Jandira Dias, e pelo prefeito Rafael Brito.<\/p>\n<p>&nbsp;<\/p>\n<p>&nbsp;<\/p>\n<p>\u201cGarantir a inclus\u00e3o digital dos nossos alunos \u00e9 um dos eixos do Educa\u00e7\u00e3o de Verdade, o maior programa educacional da hist\u00f3ria do Maranh\u00e3o. \u00c9 fruto da parceria do Governo do Estado com o Governo Lula e com as prefeituras municipais, porque n\u00f3s acreditamos no potencial dos nossos jovens e queremos que tenham todas as condi\u00e7\u00f5es para serem profissionais de sucesso\u201d, declarou Orleans Brand\u00e3o.<\/p>\n<p>&nbsp;<\/p>\n<p>O secret\u00e1rio destacou que o programa educacional incluiu tamb\u00e9m maior repasse de recursos aos munic\u00edpios para a oferta de transporte escolar, e a melhor qualidade da alimenta\u00e7\u00e3o oferecida aos estudantes na rede estadual de ensino. \u201c\u00c9 um investimento mensal de R$ 100 milh\u00f5es, al\u00e9m das reformas e amplia\u00e7\u00e3o das escolas e da garantia de conectividade\u201d, acrescentou Orleans Brand\u00e3o.<\/p>\n<p>&nbsp;<\/p>\n<p>O prefeito Rafael Brito ressaltou a import\u00e2ncia dos tablets para a forma\u00e7\u00e3o dos alunos: \u201cO Governo do Estado est\u00e1 possibilitando conhecimento digital na palma da m\u00e3o, e investir em educa\u00e7\u00e3o \u00e9 prevenir a viol\u00eancia e garantir aos nossos jovens um futuro melhor\u201d.<\/p>\n<p>&nbsp;<\/p>\n<p>Para a Unidade Regional de Educa\u00e7\u00e3o (URE) de Timon &#8211; que re\u00fane 22 escolas estaduais, de Timon, Mat\u00f5es, Parnarama e S\u00e3o Francisco do Maranh\u00e3o &#8211; foram destinados 9.400 tablets. No Festival Conecta, 3 mil alunos de nove escolas de Timon receberam os equipamentos. O objetivo \u00e9 promover a<\/p>\n<p>inclus\u00e3o digital e modernizar o ensino, ampliando o acesso dos estudantes a tecnologias, garantindo dispositivos m\u00f3veis com conectividade para fortalecer pr\u00e1ticas pedag\u00f3gicas<\/p>\n<p>inovadoras, reduzir desigualdades educacionais e elevar a qualidade do ensino na rede p\u00fablica.<\/p>\n<p>&nbsp;<\/p>\n<p>O projeto \u201cT\u00f4 Conectado\u201d prev\u00ea a distribui\u00e7\u00e3o de tablets com acesso \u00e0 internet m\u00f3vel para 242.404 estudantes do Ensino M\u00e9dio, Ensino Fundamental, Educa\u00e7\u00e3o Ind\u00edgena e Educa\u00e7\u00e3o<\/p>\n<p>Especial. Cada beneficiado recebe um tablet com chip de internet (20GB mensais) para uso educacional, assegurando acesso a conte\u00fados digitais, plataformas educacionais e recursos<\/p>\n<p>pedag\u00f3gicos.<\/p>\n","protected":false},"excerpt":{"rendered":"<p>&nbsp; Mais de 3 mil alunos da rede estadual de ensino em Timon agora t\u00eam conectividade e acesso a plataformas de conhecimento. Em mais uma edi\u00e7\u00e3o do Festival Conecta, realizado ter\u00e7a-feira (20), eles receberam tablets com internet entregues pelo secret\u00e1rio de Assuntos Municipalistas, Orleans Brand\u00e3o, pela secret\u00e1ria estadual de Educa\u00e7\u00e3o, Jandira Dias, e pelo prefeito [&hellip;]<\/p>\n","protected":false},"author":1,"featured_media":0,"comment_status":"open","ping_status":"open","sticky":false,"template":"","format":"standard","meta":{"footnotes":""},"categories":[1],"tags":[],"yst_prominent_words":[],"class_list":["post-3378","post","type-post","status-publish","format-standard","hentry","category-noticia-geral"],"_links":{"self":[{"href":"https:\/\/blogomorangodonordeste.com.br\/index.php\/wp-json\/wp\/v2\/posts\/3378","targetHints":{"allow":["GET"]}}],"collection":[{"href":"https:\/\/blogomorangodonordeste.com.br\/index.php\/wp-json\/wp\/v2\/posts"}],"about":[{"href":"https:\/\/blogomorangodonordeste.com.br\/index.php\/wp-json\/wp\/v2\/types\/post"}],"author":[{"embeddable":true,"href":"https:\/\/blogomorangodonordeste.com.br\/index.php\/wp-json\/wp\/v2\/users\/1"}],"replies":[{"embeddable":true,"href":"https:\/\/blogomorangodonordeste.com.br\/index.php\/wp-json\/wp\/v2\/comments?post=3378"}],"version-history":[{"count":1,"href":"https:\/\/blogomorangodonordeste.com.br\/index.php\/wp-json\/wp\/v2\/posts\/3378\/revisions"}],"predecessor-version":[{"id":3380,"href":"https:\/\/blogomorangodonordeste.com.br\/index.php\/wp-json\/wp\/v2\/posts\/3378\/revisions\/3380"}],"wp:attachment":[{"href":"https:\/\/blogomorangodonordeste.com.br\/index.php\/wp-json\/wp\/v2\/media?parent=3378"}],"wp:term":[{"taxonomy":"category","embeddable":true,"href":"https:\/\/blogomorangodonordeste.com.br\/index.php\/wp-json\/wp\/v2\/categories?post=3378"},{"taxonomy":"post_tag","embeddable":true,"href":"https:\/\/blogomorangodonordeste.com.br\/index.php\/wp-json\/wp\/v2\/tags?post=3378"},{"taxonomy":"yst_prominent_words","embeddable":true,"href":"https:\/\/blogomorangodonordeste.com.br\/index.php\/wp-json\/wp\/v2\/yst_prominent_words?post=3378"}],"curies":[{"name":"wp","href":"https:\/\/api.w.org\/{rel}","templated":true}]}}