{"id":3040,"date":"2025-12-09T19:28:41","date_gmt":"2025-12-09T22:28:41","guid":{"rendered":"https:\/\/blogomorangodonordeste.com.br\/?p=3040"},"modified":"2025-12-09T19:28:41","modified_gmt":"2025-12-09T22:28:41","slug":"governistas-nocauteiam-deputados-que-tentavam-responsabilizar-brandao-pelo-impeachment-de-braide","status":"publish","type":"post","link":"https:\/\/blogomorangodonordeste.com.br\/index.php\/2025\/12\/09\/governistas-nocauteiam-deputados-que-tentavam-responsabilizar-brandao-pelo-impeachment-de-braide\/","title":{"rendered":"Governistas nocauteiam deputados que tentavam responsabilizar Brand\u00e3o pelo impeachment de Braide"},"content":{"rendered":"<p style=\"text-align: justify;\"><img loading=\"lazy\" decoding=\"async\" class=\"alignnone size-full wp-image-3041\" src=\"https:\/\/blogomorangodonordeste.com.br\/wp-content\/uploads\/2025\/12\/3e1b45f6-d296-41c9-bae9-739c548a6dc5.jpeg\" alt=\"\" width=\"1599\" height=\"1599\" srcset=\"https:\/\/blogomorangodonordeste.com.br\/wp-content\/uploads\/2025\/12\/3e1b45f6-d296-41c9-bae9-739c548a6dc5.jpeg 1599w, https:\/\/blogomorangodonordeste.com.br\/wp-content\/uploads\/2025\/12\/3e1b45f6-d296-41c9-bae9-739c548a6dc5-300x300.jpeg 300w, https:\/\/blogomorangodonordeste.com.br\/wp-content\/uploads\/2025\/12\/3e1b45f6-d296-41c9-bae9-739c548a6dc5-1024x1024.jpeg 1024w, https:\/\/blogomorangodonordeste.com.br\/wp-content\/uploads\/2025\/12\/3e1b45f6-d296-41c9-bae9-739c548a6dc5-150x150.jpeg 150w, https:\/\/blogomorangodonordeste.com.br\/wp-content\/uploads\/2025\/12\/3e1b45f6-d296-41c9-bae9-739c548a6dc5-768x768.jpeg 768w, https:\/\/blogomorangodonordeste.com.br\/wp-content\/uploads\/2025\/12\/3e1b45f6-d296-41c9-bae9-739c548a6dc5-1536x1536.jpeg 1536w\" sizes=\"auto, (max-width: 1599px) 100vw, 1599px\" \/><\/p>\n<p style=\"text-align: justify;\">Os deputados Dr. Ygl\u00e9sio (PRTB), Catul\u00e9 J\u00fanior (PP) e Neto Evangelista (Uni\u00e3o) expuseram a verdade e desconstru\u00edram a narrativa de oposicionistas que tentavam transferir para o governador Carlos Brand\u00e3o a responsabilidade pelo processo de impeachment do prefeito Eduardo Braide, por crime de improbidade, que estava em andamento na C\u00e2mara de S\u00e3o Lu\u00eds. Os parlamentares refor\u00e7aram, na sess\u00e3o desta ter\u00e7a-feira (9), na Assembleia Legislativa, que as afirma\u00e7\u00f5es n\u00e3o passavam de politicagem da oposi\u00e7\u00e3o.<\/p>\n<p style=\"text-align: justify;\">\u201cA grande verdade foi que um aposentado, revoltado com a perda do direito adquirido do seu sal\u00e1rio, que pegou uma facada de R$ 10 mil no bolso, por m\u00eas, entrou com uma representa\u00e7\u00e3o na C\u00e2mara por descumprimento de uma lei em vig\u00eancia, portanto, um crime de improbidade manifesto\u201d, esclareceu Dr. Ygl\u00e9sio.<\/p>\n<p style=\"text-align: justify;\">Com argumentos incisivos, o parlamentar do PRTB deixou, inclusive, o deputado Fernando Braide, que \u00e9 irm\u00e3o do prefeito, sem rea\u00e7\u00e3o.<\/p>\n<p style=\"text-align: justify;\">\u201cO senhor acha justo 400 pessoas terem rebaixado os sal\u00e1rios em R$ 10 mil? Auditores do munic\u00edpio em fim de carreira, em in\u00edcio de aposentadoria, aposentados, m\u00e9dicos que contribu\u00edram por mais de 25 anos? O senhor acha justo que o seu irm\u00e3o, por um exerc\u00edcio mero de vaidade, possa tirar dessas pessoas o sustento dentro de casa?\u201d, questionou.<\/p>\n<p style=\"text-align: justify;\">Em resposta, Fernando Braide retrucou: \u201cAt\u00e9 me cortou o racioc\u00ednio\u201d.<\/p>\n<p style=\"text-align: justify;\">*Homem de di\u00e1logo*<br \/>\nCatul\u00e9 J\u00fanior ressaltou os riscos trazidos pelo excesso de judicializa\u00e7\u00e3o da pol\u00edtica e defendeu Carlos Brand\u00e3o. \u201cAcho tamb\u00e9m temer\u00e1rio colocarmos sobre os ombros do governador essa iniciativa\u201d, observou.<\/p>\n<p style=\"text-align: justify;\">\u201cO governador Brand\u00e3o \u00e9 um homem pacato, um homem que sempre fez do di\u00e1logo a sua marca, e eu quero acreditar, de forma muito convicta, que ele n\u00e3o tem nada a ver com isso\u201d, assinalou Catul\u00e9 J\u00fanior.<\/p>\n<p style=\"text-align: justify;\">*Interesse da oposi\u00e7\u00e3o*<br \/>\nNeto Evangelista cobrou mais responsabilidade da oposi\u00e7\u00e3o ao tratar do tema e questionou qual o interesse ao querer responsabilizar o governador pelo fato. \u201c\u00c9 interesse eleitoral, que est\u00e3o querendo botar aqui no colo do governador. Eu acho que isso tem que ser um debate com responsabilidade\u201d, assegurou.<\/p>\n<p style=\"text-align: justify;\">E fazendo uma an\u00e1lise, ao ver o grupo de oposicionistas expondo sua prefer\u00eancia e saindo em defesa do prefeito, Neto Evangelista tamb\u00e9m ressaltou que a \u201cbancada\u201d de Eduardo Braide tinha aumentado na Assembleia enquanto a do vice-governador Felipe Camar\u00e3o se \u201creduziu a p\u00f3\u2019, referindo-se ao n\u00famero de aliados aos dois poss\u00edveis candidatos ao governo do Estado em 2026.<\/p>\n","protected":false},"excerpt":{"rendered":"<p>Os deputados Dr. Ygl\u00e9sio (PRTB), Catul\u00e9 J\u00fanior (PP) e Neto Evangelista (Uni\u00e3o) expuseram a verdade e desconstru\u00edram a narrativa de oposicionistas que tentavam transferir para o governador Carlos Brand\u00e3o a responsabilidade pelo processo de impeachment do prefeito Eduardo Braide, por crime de improbidade, que estava em andamento na C\u00e2mara de S\u00e3o Lu\u00eds. Os parlamentares refor\u00e7aram, [&hellip;]<\/p>\n","protected":false},"author":1,"featured_media":0,"comment_status":"open","ping_status":"open","sticky":false,"template":"","format":"standard","meta":{"footnotes":""},"categories":[1],"tags":[575],"yst_prominent_words":[],"class_list":["post-3040","post","type-post","status-publish","format-standard","hentry","category-noticia-geral","tag-governistas-nocauteiam-deputados-que-tentavam-responsabilizar-brandao-pelo-impeachment-de-braide"],"_links":{"self":[{"href":"https:\/\/blogomorangodonordeste.com.br\/index.php\/wp-json\/wp\/v2\/posts\/3040","targetHints":{"allow":["GET"]}}],"collection":[{"href":"https:\/\/blogomorangodonordeste.com.br\/index.php\/wp-json\/wp\/v2\/posts"}],"about":[{"href":"https:\/\/blogomorangodonordeste.com.br\/index.php\/wp-json\/wp\/v2\/types\/post"}],"author":[{"embeddable":true,"href":"https:\/\/blogomorangodonordeste.com.br\/index.php\/wp-json\/wp\/v2\/users\/1"}],"replies":[{"embeddable":true,"href":"https:\/\/blogomorangodonordeste.com.br\/index.php\/wp-json\/wp\/v2\/comments?post=3040"}],"version-history":[{"count":1,"href":"https:\/\/blogomorangodonordeste.com.br\/index.php\/wp-json\/wp\/v2\/posts\/3040\/revisions"}],"predecessor-version":[{"id":3042,"href":"https:\/\/blogomorangodonordeste.com.br\/index.php\/wp-json\/wp\/v2\/posts\/3040\/revisions\/3042"}],"wp:attachment":[{"href":"https:\/\/blogomorangodonordeste.com.br\/index.php\/wp-json\/wp\/v2\/media?parent=3040"}],"wp:term":[{"taxonomy":"category","embeddable":true,"href":"https:\/\/blogomorangodonordeste.com.br\/index.php\/wp-json\/wp\/v2\/categories?post=3040"},{"taxonomy":"post_tag","embeddable":true,"href":"https:\/\/blogomorangodonordeste.com.br\/index.php\/wp-json\/wp\/v2\/tags?post=3040"},{"taxonomy":"yst_prominent_words","embeddable":true,"href":"https:\/\/blogomorangodonordeste.com.br\/index.php\/wp-json\/wp\/v2\/yst_prominent_words?post=3040"}],"curies":[{"name":"wp","href":"https:\/\/api.w.org\/{rel}","templated":true}]}}