{"id":3028,"date":"2025-12-08T19:13:19","date_gmt":"2025-12-08T22:13:19","guid":{"rendered":"https:\/\/blogomorangodonordeste.com.br\/?p=3028"},"modified":"2025-12-08T19:13:19","modified_gmt":"2025-12-08T22:13:19","slug":"pib-do-maranhao-cresce-32-e-ja-e-o-segundo-do-nordeste-afirma-secretario-vinicius-ferro","status":"publish","type":"post","link":"https:\/\/blogomorangodonordeste.com.br\/index.php\/2025\/12\/08\/pib-do-maranhao-cresce-32-e-ja-e-o-segundo-do-nordeste-afirma-secretario-vinicius-ferro\/","title":{"rendered":"PIB do Maranh\u00e3o cresce 3,2% e j\u00e1 \u00e9 o segundo do Nordeste, afirma secret\u00e1rio Vinicius Ferro"},"content":{"rendered":"<p style=\"text-align: justify;\"><img loading=\"lazy\" decoding=\"async\" class=\"alignnone size-full wp-image-3029\" src=\"https:\/\/blogomorangodonordeste.com.br\/wp-content\/uploads\/2025\/12\/af78c6fc-7d88-40ad-821a-463d5fc100d1.jpeg\" alt=\"\" width=\"952\" height=\"616\" srcset=\"https:\/\/blogomorangodonordeste.com.br\/wp-content\/uploads\/2025\/12\/af78c6fc-7d88-40ad-821a-463d5fc100d1.jpeg 952w, https:\/\/blogomorangodonordeste.com.br\/wp-content\/uploads\/2025\/12\/af78c6fc-7d88-40ad-821a-463d5fc100d1-300x194.jpeg 300w, https:\/\/blogomorangodonordeste.com.br\/wp-content\/uploads\/2025\/12\/af78c6fc-7d88-40ad-821a-463d5fc100d1-768x497.jpeg 768w\" sizes=\"auto, (max-width: 952px) 100vw, 952px\" \/> <img loading=\"lazy\" decoding=\"async\" class=\"alignnone size-full wp-image-3030\" src=\"https:\/\/blogomorangodonordeste.com.br\/wp-content\/uploads\/2025\/12\/d84c0b9e-61ec-4cb9-9947-deff008dd858.jpeg\" alt=\"\" width=\"996\" height=\"556\" srcset=\"https:\/\/blogomorangodonordeste.com.br\/wp-content\/uploads\/2025\/12\/d84c0b9e-61ec-4cb9-9947-deff008dd858.jpeg 996w, https:\/\/blogomorangodonordeste.com.br\/wp-content\/uploads\/2025\/12\/d84c0b9e-61ec-4cb9-9947-deff008dd858-300x167.jpeg 300w, https:\/\/blogomorangodonordeste.com.br\/wp-content\/uploads\/2025\/12\/d84c0b9e-61ec-4cb9-9947-deff008dd858-768x429.jpeg 768w\" sizes=\"auto, (max-width: 996px) 100vw, 996px\" \/><\/p>\n<p style=\"text-align: justify;\">A evolu\u00e7\u00e3o e o crescimento do Maranh\u00e3o nas \u00e1reas da economia e gest\u00e3o no governo de Carlos Brand\u00e3o foram destacados pelo secret\u00e1rio de Estado de Planejamento e Or\u00e7amento, Vin\u00edcius Ferro, em entrevista ao quadro Bastidores, do Bom Dia Mirante desta segunda-feira (8). \u201cEstamos avan\u00e7ando cada vez mais, fortalecendo a gest\u00e3o p\u00fablica, otimizando nossos recursos e buscando parcerias\u201d, afirmou.<\/p>\n<p style=\"text-align: justify;\">O significativo crescimento do Produto Interno Bruto (PIB) estadual, acima da m\u00e9dia nacional, foi um dos pontos observados pelo secret\u00e1rio. \u201cO PIB do Maranh\u00e3o cresceu 3,2%. O do Brasil cresceu 2,9%. \u00c9 o segundo estado do Nordeste, perdendo s\u00f3 para a Bahia. Isso demonstra que o Estado est\u00e1 forte\u201d, detalhou.<\/p>\n<p style=\"text-align: justify;\">Vin\u00edcius Ferro tamb\u00e9m ressaltou os n\u00fameros positivos alcan\u00e7ados nas \u00e1reas da exporta\u00e7\u00e3o e da gera\u00e7\u00e3o de emprego, com o Maranh\u00e3o batendo recorde todos os meses no n\u00famero de carteiras assinadas, de acordo com o Cadastro Geral de Empregados e Desempregados (Caged).<\/p>\n<p style=\"text-align: justify;\">Na entrevista \u00e0 jornalista Carla Lima, o secret\u00e1rio tamb\u00e9m assinalou que j\u00e1 \u00e9 poss\u00edvel sentir as mudan\u00e7as em alguns setores e que, com esse cen\u00e1rio de n\u00fameros positivos, o governador Carlos Brand\u00e3o lidera processo de transforma\u00e7\u00e3o da economia do Estado e, consequentemente, da vida dos maranhenses. Ele destacou como exemplo a eleva\u00e7\u00e3o da renda per capita do maranhense.<\/p>\n<p style=\"text-align: justify;\">\u201cN\u00f3s \u00faltimos dois anos, conseguimos tirar mais de um milh\u00e3o de pessoas da extrema pobreza. Isso significa que tiramos um milh\u00e3o de maranhenses que tinham renda per capita de R$ 218,00. E conseguimos isso com v\u00e1rios programas sociais e investimentos\u201d, observou ressaltando a a\u00e7\u00e3o de programas como o Maranh\u00e3o Livre da Fome.<\/p>\n","protected":false},"excerpt":{"rendered":"<p>A evolu\u00e7\u00e3o e o crescimento do Maranh\u00e3o nas \u00e1reas da economia e gest\u00e3o no governo de Carlos Brand\u00e3o foram destacados pelo secret\u00e1rio de Estado de Planejamento e Or\u00e7amento, Vin\u00edcius Ferro, em entrevista ao quadro Bastidores, do Bom Dia Mirante desta segunda-feira (8). \u201cEstamos avan\u00e7ando cada vez mais, fortalecendo a gest\u00e3o p\u00fablica, otimizando nossos recursos e [&hellip;]<\/p>\n","protected":false},"author":1,"featured_media":3030,"comment_status":"open","ping_status":"open","sticky":false,"template":"","format":"standard","meta":{"footnotes":""},"categories":[1],"tags":[573,574,572],"yst_prominent_words":[],"class_list":["post-3028","post","type-post","status-publish","format-standard","has-post-thumbnail","hentry","category-noticia-geral","tag-2-e-ja-e-o-segundo-do-nordeste","tag-afirma-secretario-vinicius-ferro","tag-pib-do-maranhao-cresce-3"],"_links":{"self":[{"href":"https:\/\/blogomorangodonordeste.com.br\/index.php\/wp-json\/wp\/v2\/posts\/3028","targetHints":{"allow":["GET"]}}],"collection":[{"href":"https:\/\/blogomorangodonordeste.com.br\/index.php\/wp-json\/wp\/v2\/posts"}],"about":[{"href":"https:\/\/blogomorangodonordeste.com.br\/index.php\/wp-json\/wp\/v2\/types\/post"}],"author":[{"embeddable":true,"href":"https:\/\/blogomorangodonordeste.com.br\/index.php\/wp-json\/wp\/v2\/users\/1"}],"replies":[{"embeddable":true,"href":"https:\/\/blogomorangodonordeste.com.br\/index.php\/wp-json\/wp\/v2\/comments?post=3028"}],"version-history":[{"count":1,"href":"https:\/\/blogomorangodonordeste.com.br\/index.php\/wp-json\/wp\/v2\/posts\/3028\/revisions"}],"predecessor-version":[{"id":3031,"href":"https:\/\/blogomorangodonordeste.com.br\/index.php\/wp-json\/wp\/v2\/posts\/3028\/revisions\/3031"}],"wp:featuredmedia":[{"embeddable":true,"href":"https:\/\/blogomorangodonordeste.com.br\/index.php\/wp-json\/wp\/v2\/media\/3030"}],"wp:attachment":[{"href":"https:\/\/blogomorangodonordeste.com.br\/index.php\/wp-json\/wp\/v2\/media?parent=3028"}],"wp:term":[{"taxonomy":"category","embeddable":true,"href":"https:\/\/blogomorangodonordeste.com.br\/index.php\/wp-json\/wp\/v2\/categories?post=3028"},{"taxonomy":"post_tag","embeddable":true,"href":"https:\/\/blogomorangodonordeste.com.br\/index.php\/wp-json\/wp\/v2\/tags?post=3028"},{"taxonomy":"yst_prominent_words","embeddable":true,"href":"https:\/\/blogomorangodonordeste.com.br\/index.php\/wp-json\/wp\/v2\/yst_prominent_words?post=3028"}],"curies":[{"name":"wp","href":"https:\/\/api.w.org\/{rel}","templated":true}]}}