{"id":3011,"date":"2025-12-05T11:43:57","date_gmt":"2025-12-05T14:43:57","guid":{"rendered":"https:\/\/blogomorangodonordeste.com.br\/?p=3011"},"modified":"2025-12-05T11:43:57","modified_gmt":"2025-12-05T14:43:57","slug":"braide-reage-a-pedido-de-cassacao-mas-omite-descumprimento-de-lei-salarial","status":"publish","type":"post","link":"https:\/\/blogomorangodonordeste.com.br\/index.php\/2025\/12\/05\/braide-reage-a-pedido-de-cassacao-mas-omite-descumprimento-de-lei-salarial\/","title":{"rendered":"Braide reage a pedido de cassa\u00e7\u00e3o, mas omite descumprimento de lei salarial"},"content":{"rendered":"<p><img loading=\"lazy\" decoding=\"async\" class=\"alignnone size-full wp-image-3012\" src=\"https:\/\/blogomorangodonordeste.com.br\/wp-content\/uploads\/2025\/12\/IMG-20251205-WA0130.jpg\" alt=\"\" width=\"554\" height=\"320\" srcset=\"https:\/\/blogomorangodonordeste.com.br\/wp-content\/uploads\/2025\/12\/IMG-20251205-WA0130.jpg 554w, https:\/\/blogomorangodonordeste.com.br\/wp-content\/uploads\/2025\/12\/IMG-20251205-WA0130-300x173.jpg 300w\" sizes=\"auto, (max-width: 554px) 100vw, 554px\" \/><\/p>\n<p>O prefeito de S\u00e3o Lu\u00eds, Eduardo Braide (PSD), reagiu publicamente ap\u00f3s a divulga\u00e7\u00e3o de que um servidor aposentado protocolou na C\u00e2mara Municipal um pedido de cassa\u00e7\u00e3o de seu mandato. Em v\u00eddeo publicado nas redes sociais, o prefeito afirmou que advers\u00e1rios pol\u00edticos querem derrub\u00e1-lo porque ele se recusou a aceitar o aumento do pr\u00f3prio sal\u00e1rio aprovado pelos vereadores.<\/p>\n<p>&nbsp;<\/p>\n<p>A estrat\u00e9gia de comunica\u00e7\u00e3o surtiu efeito imediato: sua base de apoiadores mobilizou-se em defesa do prefeito, refor\u00e7ando a narrativa de persegui\u00e7\u00e3o pol\u00edtica. Do ponto de vista do marketing pol\u00edtico, Braide acertou o tom. Mas a situa\u00e7\u00e3o jur\u00eddica, segundo especialistas, \u00e9 bem mais complexa.<\/p>\n<p>&nbsp;<\/p>\n<p>O que Braide n\u00e3o disse<\/p>\n<p>&nbsp;<\/p>\n<p>O Judici\u00e1rio considerou constitucional todo o processo legislativo que resultou na nova lei de reajuste. A gest\u00e3o municipal foi derrotada tanto no Tribunal de Justi\u00e7a do Maranh\u00e3o quanto no Supremo Tribunal Federal. Em uma das decis\u00f5es, o ministro Fl\u00e1vio Dino chegou a negar liminar apresentada pela Prefeitura contra o reajuste.<\/p>\n<p>&nbsp;<\/p>\n<p>Outro ponto omitido \u00e9 que a lei aprovada n\u00e3o tratava apenas do sal\u00e1rio do prefeito. O dispositivo tamb\u00e9m reajustou os vencimentos de categorias como auditores fiscais, auditores de controle interno e m\u00e9dicos, que possuem remunera\u00e7\u00e3o equiparada \u00e0 do chefe do Executivo. Segundo vereadores, o reajuste evitava uma perda superior a R$ 10 mil mensais para esses profissionais.<\/p>\n<p>&nbsp;<\/p>\n<p>Descumprimento da lei e crime de responsabilidade<\/p>\n<p>&nbsp;<\/p>\n<p>De acordo com a den\u00fancia apresentada, desde o in\u00edcio deste ano Braide n\u00e3o est\u00e1 cumprindo a lei aprovada pela C\u00e2mara e validada pelo Judici\u00e1rio. O prefeito teria continuado pagando a si mesmo, e \u00e0s categorias vinculadas, com base nos valores antigos.<\/p>\n<p>&nbsp;<\/p>\n<p>Essa pr\u00e1tica configura crime de responsabilidade, o que juridicamente o torna pass\u00edvel de processo de impeachment, al\u00e9m de eventuais a\u00e7\u00f5es no Minist\u00e9rio P\u00fablico e no Tribunal de Contas do Estado.<\/p>\n<p>&nbsp;<\/p>\n<p>Assim, embora a narrativa p\u00fablica reforce a imagem de persegui\u00e7\u00e3o, o caso apresenta elementos legais relevantes que Braide n\u00e3o mencionou em sua defesa, eles que podem gerar consequ\u00eancias pol\u00edticas e jur\u00eddicas nos pr\u00f3ximos desdobramentos.<\/p>\n","protected":false},"excerpt":{"rendered":"<p>O prefeito de S\u00e3o Lu\u00eds, Eduardo Braide (PSD), reagiu publicamente ap\u00f3s a divulga\u00e7\u00e3o de que um servidor aposentado protocolou na C\u00e2mara Municipal um pedido de cassa\u00e7\u00e3o de seu mandato. Em v\u00eddeo publicado nas redes sociais, o prefeito afirmou que advers\u00e1rios pol\u00edticos querem derrub\u00e1-lo porque ele se recusou a aceitar o aumento do pr\u00f3prio sal\u00e1rio aprovado [&hellip;]<\/p>\n","protected":false},"author":1,"featured_media":0,"comment_status":"open","ping_status":"open","sticky":false,"template":"","format":"standard","meta":{"footnotes":""},"categories":[1],"tags":[],"yst_prominent_words":[],"class_list":["post-3011","post","type-post","status-publish","format-standard","hentry","category-noticia-geral"],"_links":{"self":[{"href":"https:\/\/blogomorangodonordeste.com.br\/index.php\/wp-json\/wp\/v2\/posts\/3011","targetHints":{"allow":["GET"]}}],"collection":[{"href":"https:\/\/blogomorangodonordeste.com.br\/index.php\/wp-json\/wp\/v2\/posts"}],"about":[{"href":"https:\/\/blogomorangodonordeste.com.br\/index.php\/wp-json\/wp\/v2\/types\/post"}],"author":[{"embeddable":true,"href":"https:\/\/blogomorangodonordeste.com.br\/index.php\/wp-json\/wp\/v2\/users\/1"}],"replies":[{"embeddable":true,"href":"https:\/\/blogomorangodonordeste.com.br\/index.php\/wp-json\/wp\/v2\/comments?post=3011"}],"version-history":[{"count":1,"href":"https:\/\/blogomorangodonordeste.com.br\/index.php\/wp-json\/wp\/v2\/posts\/3011\/revisions"}],"predecessor-version":[{"id":3013,"href":"https:\/\/blogomorangodonordeste.com.br\/index.php\/wp-json\/wp\/v2\/posts\/3011\/revisions\/3013"}],"wp:attachment":[{"href":"https:\/\/blogomorangodonordeste.com.br\/index.php\/wp-json\/wp\/v2\/media?parent=3011"}],"wp:term":[{"taxonomy":"category","embeddable":true,"href":"https:\/\/blogomorangodonordeste.com.br\/index.php\/wp-json\/wp\/v2\/categories?post=3011"},{"taxonomy":"post_tag","embeddable":true,"href":"https:\/\/blogomorangodonordeste.com.br\/index.php\/wp-json\/wp\/v2\/tags?post=3011"},{"taxonomy":"yst_prominent_words","embeddable":true,"href":"https:\/\/blogomorangodonordeste.com.br\/index.php\/wp-json\/wp\/v2\/yst_prominent_words?post=3011"}],"curies":[{"name":"wp","href":"https:\/\/api.w.org\/{rel}","templated":true}]}}