{"id":2999,"date":"2025-12-04T13:33:12","date_gmt":"2025-12-04T16:33:12","guid":{"rendered":"https:\/\/blogomorangodonordeste.com.br\/?p=2999"},"modified":"2025-12-04T13:33:12","modified_gmt":"2025-12-04T16:33:12","slug":"iracema-vale-recebe-placa-de-honra-ao-merito-na-camara-municipal-de-sao-luis","status":"publish","type":"post","link":"https:\/\/blogomorangodonordeste.com.br\/index.php\/2025\/12\/04\/iracema-vale-recebe-placa-de-honra-ao-merito-na-camara-municipal-de-sao-luis\/","title":{"rendered":"Iracema Vale recebe Placa de Honra ao M\u00e9rito na C\u00e2mara Municipal de S\u00e3o Lu\u00eds"},"content":{"rendered":"<p><img loading=\"lazy\" decoding=\"async\" class=\"alignnone size-full wp-image-3000\" src=\"https:\/\/blogomorangodonordeste.com.br\/wp-content\/uploads\/2025\/12\/IMG-20251204-WA0420.jpg\" alt=\"\" width=\"1280\" height=\"854\" srcset=\"https:\/\/blogomorangodonordeste.com.br\/wp-content\/uploads\/2025\/12\/IMG-20251204-WA0420.jpg 1280w, https:\/\/blogomorangodonordeste.com.br\/wp-content\/uploads\/2025\/12\/IMG-20251204-WA0420-300x200.jpg 300w, https:\/\/blogomorangodonordeste.com.br\/wp-content\/uploads\/2025\/12\/IMG-20251204-WA0420-1024x683.jpg 1024w, https:\/\/blogomorangodonordeste.com.br\/wp-content\/uploads\/2025\/12\/IMG-20251204-WA0420-768x512.jpg 768w, https:\/\/blogomorangodonordeste.com.br\/wp-content\/uploads\/2025\/12\/IMG-20251204-WA0420-150x100.jpg 150w\" sizes=\"auto, (max-width: 1280px) 100vw, 1280px\" \/><\/p>\n<p>&nbsp;<\/p>\n<p>&nbsp;<\/p>\n<p>A presidente da Assembleia Legislativa do Maranh\u00e3o, deputada Iracema Vale (PSB), foi homenageada com a Placa de Honra ao M\u00e9rito da C\u00e2mara Municipal de S\u00e3o Lu\u00eds. A honraria, proposta pelo vereador Astro de Ogum (PCdoB) e aprovada por unanimidade pelo plen\u00e1rio, reconhece personalidades que se destacam pela dedica\u00e7\u00e3o ao servi\u00e7o p\u00fablico e pelas relevantes contribui\u00e7\u00f5es ao munic\u00edpio.<\/p>\n<p>&nbsp;<\/p>\n<p>Durante a solenidade, Iracema Vale ressaltou a import\u00e2ncia do gesto e destacou que a homenagem ultrapassa o m\u00e9rito individual. \u201cReceber uma homenagem da Casa que leva a voz da capital do meu estado \u00e9 uma grande alegria. Porque, toda vez que um Poder reconhece o trabalho de outro Poder, o que se celebra n\u00e3o \u00e9 a Iracema, \u00e9 a democracia funcionando, \u00e9 a harmonia entre poderes, \u00e9 o respeito institucional, \u00e9 a maturidade pol\u00edtica que o Maranh\u00e3o tanto merece\u201d, afirmou.<\/p>\n<p>&nbsp;<\/p>\n<p>Autor do requerimento, o vereador Astro de Ogum destacou a trajet\u00f3ria pol\u00edtica da presidente da Alema como motivo para a homenagem. \u201cA presidente Iracema \u00e9 a deputada estadual mais votada do estado, com uma trajet\u00f3ria marcada pela humildade e pelo compromisso com o povo maranhense. Espero que esta homenagem seja mais um incentivo para que continue essa luta em defesa do povo do Maranh\u00e3o.\u201d, declarou.<\/p>\n<p>&nbsp;<\/p>\n<p>A deputada Ana do G\u00e1s (PCdoB) tamb\u00e9m refor\u00e7ou a relev\u00e2ncia da homenagem, lembrando o pioneirismo de Iracema Vale como a primeira mulher a presidir o Parlamento estadual. \u201cNossa presidente Iracema Vale, ex-vereadora, ex-prefeita e enfermeira, merece essa honraria. Tenho certeza de que, assim como eu, meus colegas parlamentares tamb\u00e9m admiram a lideran\u00e7a dessa grande mulher que vem fazendo hist\u00f3ria. O Maranh\u00e3o e S\u00e3o Lu\u00eds precisam conhecer essa trajet\u00f3ria.\u201d, afirmou, parabenizando o vereador Astro de Ogum pela iniciativa.<\/p>\n<p>&nbsp;<\/p>\n<p>A solenidade tamb\u00e9m refor\u00e7ou o compromisso institucional entre a Assembleia Legislativa e a C\u00e2mara Municipal de S\u00e3o Lu\u00eds, fortalecendo o di\u00e1logo entre os poderes. Participaram da cerim\u00f4nia os deputados estaduais Ant\u00f4nio Pereira (PSB) e Ana do G\u00e1s (PCdoB); o chefe da Casa Civil, Sebasti\u00e3o Madeira, representando o governador Carlos Brand\u00e3o; vereadores da capital; al\u00e9m de outras autoridades e servidores.<\/p>\n","protected":false},"excerpt":{"rendered":"<p>&nbsp; &nbsp; A presidente da Assembleia Legislativa do Maranh\u00e3o, deputada Iracema Vale (PSB), foi homenageada com a Placa de Honra ao M\u00e9rito da C\u00e2mara Municipal de S\u00e3o Lu\u00eds. A honraria, proposta pelo vereador Astro de Ogum (PCdoB) e aprovada por unanimidade pelo plen\u00e1rio, reconhece personalidades que se destacam pela dedica\u00e7\u00e3o ao servi\u00e7o p\u00fablico e pelas [&hellip;]<\/p>\n","protected":false},"author":1,"featured_media":0,"comment_status":"open","ping_status":"open","sticky":false,"template":"","format":"standard","meta":{"footnotes":""},"categories":[1],"tags":[],"yst_prominent_words":[],"class_list":["post-2999","post","type-post","status-publish","format-standard","hentry","category-noticia-geral"],"_links":{"self":[{"href":"https:\/\/blogomorangodonordeste.com.br\/index.php\/wp-json\/wp\/v2\/posts\/2999","targetHints":{"allow":["GET"]}}],"collection":[{"href":"https:\/\/blogomorangodonordeste.com.br\/index.php\/wp-json\/wp\/v2\/posts"}],"about":[{"href":"https:\/\/blogomorangodonordeste.com.br\/index.php\/wp-json\/wp\/v2\/types\/post"}],"author":[{"embeddable":true,"href":"https:\/\/blogomorangodonordeste.com.br\/index.php\/wp-json\/wp\/v2\/users\/1"}],"replies":[{"embeddable":true,"href":"https:\/\/blogomorangodonordeste.com.br\/index.php\/wp-json\/wp\/v2\/comments?post=2999"}],"version-history":[{"count":1,"href":"https:\/\/blogomorangodonordeste.com.br\/index.php\/wp-json\/wp\/v2\/posts\/2999\/revisions"}],"predecessor-version":[{"id":3001,"href":"https:\/\/blogomorangodonordeste.com.br\/index.php\/wp-json\/wp\/v2\/posts\/2999\/revisions\/3001"}],"wp:attachment":[{"href":"https:\/\/blogomorangodonordeste.com.br\/index.php\/wp-json\/wp\/v2\/media?parent=2999"}],"wp:term":[{"taxonomy":"category","embeddable":true,"href":"https:\/\/blogomorangodonordeste.com.br\/index.php\/wp-json\/wp\/v2\/categories?post=2999"},{"taxonomy":"post_tag","embeddable":true,"href":"https:\/\/blogomorangodonordeste.com.br\/index.php\/wp-json\/wp\/v2\/tags?post=2999"},{"taxonomy":"yst_prominent_words","embeddable":true,"href":"https:\/\/blogomorangodonordeste.com.br\/index.php\/wp-json\/wp\/v2\/yst_prominent_words?post=2999"}],"curies":[{"name":"wp","href":"https:\/\/api.w.org\/{rel}","templated":true}]}}