{"id":2996,"date":"2025-12-03T12:52:01","date_gmt":"2025-12-03T15:52:01","guid":{"rendered":"https:\/\/blogomorangodonordeste.com.br\/?p=2996"},"modified":"2025-12-03T12:52:01","modified_gmt":"2025-12-03T15:52:01","slug":"eduardo-braide-e-alvo-de-representacao-na-camara-que-pede-cassacao-por-descumprimento-de-lei-e-cortes-salariais","status":"publish","type":"post","link":"https:\/\/blogomorangodonordeste.com.br\/index.php\/2025\/12\/03\/eduardo-braide-e-alvo-de-representacao-na-camara-que-pede-cassacao-por-descumprimento-de-lei-e-cortes-salariais\/","title":{"rendered":"Eduardo Braide \u00e9 alvo de representa\u00e7\u00e3o na C\u00e2mara que pede cassa\u00e7\u00e3o por descumprimento de lei e cortes salariais"},"content":{"rendered":"<p><img loading=\"lazy\" decoding=\"async\" class=\"alignnone size-full wp-image-2997\" src=\"https:\/\/blogomorangodonordeste.com.br\/wp-content\/uploads\/2025\/12\/IMG-20251203-WA0242.jpg\" alt=\"\" width=\"576\" height=\"324\" srcset=\"https:\/\/blogomorangodonordeste.com.br\/wp-content\/uploads\/2025\/12\/IMG-20251203-WA0242.jpg 576w, https:\/\/blogomorangodonordeste.com.br\/wp-content\/uploads\/2025\/12\/IMG-20251203-WA0242-300x169.jpg 300w\" sizes=\"auto, (max-width: 576px) 100vw, 576px\" \/><\/p>\n<p>&nbsp;<\/p>\n<p>O prefeito de S\u00e3o Lu\u00eds, Eduardo Braide, tornou-se alvo de uma representa\u00e7\u00e3o protocolada na C\u00e2mara Municipal que pede a cassa\u00e7\u00e3o do mandato por suposto descumprimento de legisla\u00e7\u00e3o municipal, realiza\u00e7\u00e3o de cortes considerados ilegais nos sal\u00e1rios de servidores e desrespeito \u00e0 ordem constitucional.<\/p>\n<p>&nbsp;<\/p>\n<p>A den\u00fancia foi apresentada pelo servidor aposentado Carlos Alberto Machado, que acusa o prefeito de ignorar a Lei Municipal n\u00ba 7.729\/2025, respons\u00e1vel por fixar o subs\u00eddio do chefe do Executivo e restabelecer o teto remunerat\u00f3rio do funcionalismo. A lei est\u00e1 em vigor e teve sua validade confirmada pelo Tribunal de Justi\u00e7a do Maranh\u00e3o, mas, segundo o denunciante, nunca foi aplicada pela gest\u00e3o Braide.<\/p>\n<p>&nbsp;<\/p>\n<p>Apesar da vig\u00eancia da norma, a Prefeitura de S\u00e3o Lu\u00eds vem realizando, desde novembro de 2024, cortes nos sal\u00e1rios de servidores ativos, aposentados e pensionistas, pr\u00e1tica que, de acordo com a representa\u00e7\u00e3o, viola os planos de carreira das categorias e configuraria \u201cenriquecimento il\u00edcito da administra\u00e7\u00e3o\u201d.<\/p>\n<p>&nbsp;<\/p>\n<p>O documento afirma ainda que a gest\u00e3o atua de forma seletiva no cumprimento das leis: normas que elevaram a remunera\u00e7\u00e3o de secret\u00e1rios, adjuntos e do vice-prefeito teriam sido implementadas imediatamente, enquanto apenas a lei que redefine o teto salarial dos servidores foi ignorada.<\/p>\n<p>&nbsp;<\/p>\n<p>Outro ponto considerado grave pelo denunciante \u00e9 o suposto desvio de finalidade no uso de recursos provenientes de emendas parlamentares em 2024, que teriam sido direcionados para pagamentos antecipados do Carnaval de 2025. A den\u00fancia afirma que o caso j\u00e1 est\u00e1 sob investiga\u00e7\u00e3o do Tribunal de Contas do Estado.<\/p>\n<p>&nbsp;<\/p>\n<p>A representa\u00e7\u00e3o solicita que a C\u00e2mara Municipal abra processo por infra\u00e7\u00e3o pol\u00edtico-administrativa e crime de responsabilidade, al\u00e9m de encaminhar o caso ao Minist\u00e9rio P\u00fablico e ao TCE-MA para apura\u00e7\u00e3o em outras esferas.<\/p>\n<p>&nbsp;<\/p>\n<p>A Mesa Diretora da C\u00e2mara dever\u00e1 analisar se o documento cumpre os requisitos legais para a abertura do processo.<\/p>\n","protected":false},"excerpt":{"rendered":"<p>&nbsp; O prefeito de S\u00e3o Lu\u00eds, Eduardo Braide, tornou-se alvo de uma representa\u00e7\u00e3o protocolada na C\u00e2mara Municipal que pede a cassa\u00e7\u00e3o do mandato por suposto descumprimento de legisla\u00e7\u00e3o municipal, realiza\u00e7\u00e3o de cortes considerados ilegais nos sal\u00e1rios de servidores e desrespeito \u00e0 ordem constitucional. &nbsp; A den\u00fancia foi apresentada pelo servidor aposentado Carlos Alberto Machado, que [&hellip;]<\/p>\n","protected":false},"author":1,"featured_media":0,"comment_status":"open","ping_status":"open","sticky":false,"template":"","format":"standard","meta":{"footnotes":""},"categories":[1],"tags":[],"yst_prominent_words":[],"class_list":["post-2996","post","type-post","status-publish","format-standard","hentry","category-noticia-geral"],"_links":{"self":[{"href":"https:\/\/blogomorangodonordeste.com.br\/index.php\/wp-json\/wp\/v2\/posts\/2996","targetHints":{"allow":["GET"]}}],"collection":[{"href":"https:\/\/blogomorangodonordeste.com.br\/index.php\/wp-json\/wp\/v2\/posts"}],"about":[{"href":"https:\/\/blogomorangodonordeste.com.br\/index.php\/wp-json\/wp\/v2\/types\/post"}],"author":[{"embeddable":true,"href":"https:\/\/blogomorangodonordeste.com.br\/index.php\/wp-json\/wp\/v2\/users\/1"}],"replies":[{"embeddable":true,"href":"https:\/\/blogomorangodonordeste.com.br\/index.php\/wp-json\/wp\/v2\/comments?post=2996"}],"version-history":[{"count":1,"href":"https:\/\/blogomorangodonordeste.com.br\/index.php\/wp-json\/wp\/v2\/posts\/2996\/revisions"}],"predecessor-version":[{"id":2998,"href":"https:\/\/blogomorangodonordeste.com.br\/index.php\/wp-json\/wp\/v2\/posts\/2996\/revisions\/2998"}],"wp:attachment":[{"href":"https:\/\/blogomorangodonordeste.com.br\/index.php\/wp-json\/wp\/v2\/media?parent=2996"}],"wp:term":[{"taxonomy":"category","embeddable":true,"href":"https:\/\/blogomorangodonordeste.com.br\/index.php\/wp-json\/wp\/v2\/categories?post=2996"},{"taxonomy":"post_tag","embeddable":true,"href":"https:\/\/blogomorangodonordeste.com.br\/index.php\/wp-json\/wp\/v2\/tags?post=2996"},{"taxonomy":"yst_prominent_words","embeddable":true,"href":"https:\/\/blogomorangodonordeste.com.br\/index.php\/wp-json\/wp\/v2\/yst_prominent_words?post=2996"}],"curies":[{"name":"wp","href":"https:\/\/api.w.org\/{rel}","templated":true}]}}