{"id":2991,"date":"2025-12-02T16:29:37","date_gmt":"2025-12-02T19:29:37","guid":{"rendered":"https:\/\/blogomorangodonordeste.com.br\/?p=2991"},"modified":"2025-12-02T16:29:37","modified_gmt":"2025-12-02T19:29:37","slug":"deputados-destacam-dimensao-da-convencao-do-mdb-realizada-em-sao-luis","status":"publish","type":"post","link":"https:\/\/blogomorangodonordeste.com.br\/index.php\/2025\/12\/02\/deputados-destacam-dimensao-da-convencao-do-mdb-realizada-em-sao-luis\/","title":{"rendered":"Deputados destacam dimens\u00e3o da Conven\u00e7\u00e3o do MDB realizada em S\u00e3o Lu\u00eds*"},"content":{"rendered":"<p><img loading=\"lazy\" decoding=\"async\" class=\"alignnone size-full wp-image-2992\" src=\"https:\/\/blogomorangodonordeste.com.br\/wp-content\/uploads\/2025\/12\/IMG-20251202-WA0569.jpg\" alt=\"\" width=\"1280\" height=\"961\" srcset=\"https:\/\/blogomorangodonordeste.com.br\/wp-content\/uploads\/2025\/12\/IMG-20251202-WA0569.jpg 1280w, https:\/\/blogomorangodonordeste.com.br\/wp-content\/uploads\/2025\/12\/IMG-20251202-WA0569-300x225.jpg 300w, https:\/\/blogomorangodonordeste.com.br\/wp-content\/uploads\/2025\/12\/IMG-20251202-WA0569-1024x769.jpg 1024w, https:\/\/blogomorangodonordeste.com.br\/wp-content\/uploads\/2025\/12\/IMG-20251202-WA0569-768x577.jpg 768w\" sizes=\"auto, (max-width: 1280px) 100vw, 1280px\" \/><\/p>\n<p>&nbsp;<\/p>\n<p>Deputados repercutiram, na sess\u00e3o plen\u00e1ria desta ter\u00e7a-feira (2), a conven\u00e7\u00e3o estadual do MDB, realizada na \u00faltima sexta-feira (29), no Ceprama, no bairro Madre Deus, em S\u00e3o Lu\u00eds. O evento reuniu milhares de lideran\u00e7as pol\u00edticas e foi reconhecido pelos parlamentares como uma das maiores conven\u00e7\u00f5es partid\u00e1rias da hist\u00f3ria do estado.<\/p>\n<p>&nbsp;<\/p>\n<p>O deputado Ricardo Arruda (MDB) abriu as manifesta\u00e7\u00f5es ressaltando a dimens\u00e3o do encontro. \u201cA conven\u00e7\u00e3o alcan\u00e7ou um marco simb\u00f3lico e pol\u00edtico ao reunir mais de 15 mil pessoas, com delega\u00e7\u00f5es de 132 munic\u00edpios, incluindo 132 prefeitos, 115 vice-prefeitos e mais de 700 vereadores. Foi uma celebra\u00e7\u00e3o democr\u00e1tica que reafirmou o protagonismo do MDB no Maranh\u00e3o\u201d, afirmou.<\/p>\n<p>&nbsp;<\/p>\n<p>Segundo o parlamentar, o partido vive um momento de reorganiza\u00e7\u00e3o e crescimento. \u201cEsse avan\u00e7o \u00e9 resultado da condu\u00e7\u00e3o do ent\u00e3o presidente Marcus Brand\u00e3o, que retomou a presen\u00e7a do MDB nos munic\u00edpios como h\u00e1 muito n\u00e3o se via. Agora, com a elei\u00e7\u00e3o de Orleans Brand\u00e3o, tenho certeza de que o partido seguir\u00e1 nesse caminho de fortalecimento e expans\u00e3o\u201d, declarou.<\/p>\n<p>&nbsp;<\/p>\n<p>A presidente da Assembleia Legislativa, deputada Iracema Vale (PSB), tamb\u00e9m celebrou o simbolismo do evento. \u201cFoi uma conven\u00e7\u00e3o expressiva, marcada pela presen\u00e7a de lideran\u00e7as de todas as regi\u00f5es do estado. Parabenizo o MDB pela organiza\u00e7\u00e3o e pela escolha de Orleans Brand\u00e3o, desejando uma gest\u00e3o que contribua para o fortalecimento do partido e do Maranh\u00e3o\u201d.<\/p>\n<p>&nbsp;<\/p>\n<p>O deputado Adelmo Soares (PSB) refor\u00e7ou a avalia\u00e7\u00e3o positiva. \u201cA conven\u00e7\u00e3o refletiu um momento de otimismo e continuidade de um projeto pol\u00edtico que tem apresentado resultados concretos no estado. O encontro foi gigantesco e comparecimento massivo de lideran\u00e7as demonstra confian\u00e7a no trabalho que vem sendo executado\u201d.<\/p>\n<p>&nbsp;<\/p>\n<p>Para o parlamentar, eventos como esse mostram for\u00e7a pol\u00edtica e di\u00e1logo com a popula\u00e7\u00e3o. \u201cVemos um alinhamento em torno de um grupo que vem entregando obras, pol\u00edticas p\u00fablicas e mudan\u00e7as reais na vida das pessoas. Por isso, a presen\u00e7a de tantas lideran\u00e7as do Maranh\u00e3o \u00e9 mais que simb\u00f3lica: \u00e9 resultado de trabalho cont\u00ednuo\u201d, concluiu.<\/p>\n<p>&nbsp;<\/p>\n<p>Ao final das manifesta\u00e7\u00f5es, os deputados reiteraram que a conven\u00e7\u00e3o consolidou o MDB como uma das principais for\u00e7as pol\u00edticas do estado e destacou a expectativa de que o partido mantenha o protagonismo nas elei\u00e7\u00f5es de 2026, com forte demonstra\u00e7\u00e3o de unidade, organiza\u00e7\u00e3o e poder de mobiliza\u00e7\u00e3o.<\/p>\n","protected":false},"excerpt":{"rendered":"<p>&nbsp; Deputados repercutiram, na sess\u00e3o plen\u00e1ria desta ter\u00e7a-feira (2), a conven\u00e7\u00e3o estadual do MDB, realizada na \u00faltima sexta-feira (29), no Ceprama, no bairro Madre Deus, em S\u00e3o Lu\u00eds. O evento reuniu milhares de lideran\u00e7as pol\u00edticas e foi reconhecido pelos parlamentares como uma das maiores conven\u00e7\u00f5es partid\u00e1rias da hist\u00f3ria do estado. &nbsp; O deputado Ricardo Arruda [&hellip;]<\/p>\n","protected":false},"author":1,"featured_media":0,"comment_status":"open","ping_status":"open","sticky":false,"template":"","format":"standard","meta":{"footnotes":""},"categories":[1],"tags":[],"yst_prominent_words":[],"class_list":["post-2991","post","type-post","status-publish","format-standard","hentry","category-noticia-geral"],"_links":{"self":[{"href":"https:\/\/blogomorangodonordeste.com.br\/index.php\/wp-json\/wp\/v2\/posts\/2991","targetHints":{"allow":["GET"]}}],"collection":[{"href":"https:\/\/blogomorangodonordeste.com.br\/index.php\/wp-json\/wp\/v2\/posts"}],"about":[{"href":"https:\/\/blogomorangodonordeste.com.br\/index.php\/wp-json\/wp\/v2\/types\/post"}],"author":[{"embeddable":true,"href":"https:\/\/blogomorangodonordeste.com.br\/index.php\/wp-json\/wp\/v2\/users\/1"}],"replies":[{"embeddable":true,"href":"https:\/\/blogomorangodonordeste.com.br\/index.php\/wp-json\/wp\/v2\/comments?post=2991"}],"version-history":[{"count":1,"href":"https:\/\/blogomorangodonordeste.com.br\/index.php\/wp-json\/wp\/v2\/posts\/2991\/revisions"}],"predecessor-version":[{"id":2993,"href":"https:\/\/blogomorangodonordeste.com.br\/index.php\/wp-json\/wp\/v2\/posts\/2991\/revisions\/2993"}],"wp:attachment":[{"href":"https:\/\/blogomorangodonordeste.com.br\/index.php\/wp-json\/wp\/v2\/media?parent=2991"}],"wp:term":[{"taxonomy":"category","embeddable":true,"href":"https:\/\/blogomorangodonordeste.com.br\/index.php\/wp-json\/wp\/v2\/categories?post=2991"},{"taxonomy":"post_tag","embeddable":true,"href":"https:\/\/blogomorangodonordeste.com.br\/index.php\/wp-json\/wp\/v2\/tags?post=2991"},{"taxonomy":"yst_prominent_words","embeddable":true,"href":"https:\/\/blogomorangodonordeste.com.br\/index.php\/wp-json\/wp\/v2\/yst_prominent_words?post=2991"}],"curies":[{"name":"wp","href":"https:\/\/api.w.org\/{rel}","templated":true}]}}