{"id":2731,"date":"2025-10-20T13:57:13","date_gmt":"2025-10-20T16:57:13","guid":{"rendered":"https:\/\/blogomorangodonordeste.com.br\/?p=2731"},"modified":"2025-10-20T13:57:13","modified_gmt":"2025-10-20T16:57:13","slug":"brandao-anuncia-festival-ilha-do-reggae-com-grandes-nomes-locais-nacionais-e-internacionais","status":"publish","type":"post","link":"https:\/\/blogomorangodonordeste.com.br\/index.php\/2025\/10\/20\/brandao-anuncia-festival-ilha-do-reggae-com-grandes-nomes-locais-nacionais-e-internacionais\/","title":{"rendered":"Brand\u00e3o anuncia Festival Ilha do Reggae com grandes nomes locais, nacionais e internacionais"},"content":{"rendered":"<p>&nbsp;<\/p>\n<p><img loading=\"lazy\" decoding=\"async\" class=\"alignnone size-full wp-image-2733\" src=\"https:\/\/blogomorangodonordeste.com.br\/wp-content\/uploads\/2025\/10\/IMG-20251020-WA08721-1.jpg\" alt=\"\" width=\"1200\" height=\"800\" srcset=\"https:\/\/blogomorangodonordeste.com.br\/wp-content\/uploads\/2025\/10\/IMG-20251020-WA08721-1.jpg 1200w, https:\/\/blogomorangodonordeste.com.br\/wp-content\/uploads\/2025\/10\/IMG-20251020-WA08721-1-300x200.jpg 300w, https:\/\/blogomorangodonordeste.com.br\/wp-content\/uploads\/2025\/10\/IMG-20251020-WA08721-1-1024x683.jpg 1024w, https:\/\/blogomorangodonordeste.com.br\/wp-content\/uploads\/2025\/10\/IMG-20251020-WA08721-1-768x512.jpg 768w, https:\/\/blogomorangodonordeste.com.br\/wp-content\/uploads\/2025\/10\/IMG-20251020-WA08721-1-150x100.jpg 150w\" sizes=\"auto, (max-width: 1200px) 100vw, 1200px\" \/><\/p>\n<p>&nbsp;<\/p>\n<p>O governador Carlos Brand\u00e3o anunciou a realiza\u00e7\u00e3o do Festival Ilha do Reggae, nos dias 22 e 23 de novembro, na Arena Jamaica Brasileira (Passarela do Samba \u2013 Anel Vi\u00e1rio), em S\u00e3o Lu\u00eds. O evento, que ser\u00e1 aberto ao p\u00fablico, promete ser um dos maiores encontros de cultura e m\u00fasica do pa\u00eds, celebrando a for\u00e7a do reggae maranhense e refor\u00e7ando o compromisso do governo do Maranh\u00e3o com a valoriza\u00e7\u00e3o da cultura e da identidade afrodescendente.<\/p>\n<p>&nbsp;<\/p>\n<p>O festival, fruto de parceria entre governo e iniciativa privada, reunir\u00e1 grandes atra\u00e7\u00f5es internacionais, nacionais e maranhenses, consolidando S\u00e3o Lu\u00eds como refer\u00eancia mundial do ritmo jamaicano. Entre os nomes confirmados est\u00e3o Burning Spear, Israel Vibration, Ky-Mani Marley, Tribo de Jah, Edson Gomes, Planta e Raiz, Maneva, Ponto de Equil\u00edbrio, al\u00e9m de talentos locais como C\u00e9lia Sampaio, N\u00fabia, Orquestra Maranhense de Reggae, entre outros.<\/p>\n<p>&nbsp;<\/p>\n<p>\u201cO Maranh\u00e3o tem o reggae no cora\u00e7\u00e3o. Somos conhecidos mundialmente pela nossa conex\u00e3o com a Jamaica e pela for\u00e7a cultural do nosso povo. Esse festival \u00e9 mais que um evento musical, \u00e9 uma celebra\u00e7\u00e3o da nossa identidade, da paz, do amor e da resist\u00eancia que o reggae representa, refor\u00e7ando a proximidade das duas na\u00e7\u00f5es nos \u00faltimos anos\u201d, afirmou o governador Carlos Brand\u00e3o.<\/p>\n<p>&nbsp;<\/p>\n<p>O secret\u00e1rio de Estado da Cultura, Yuri Arruda, tamb\u00e9m comentou sobre as expectativas para o evento. \u201cNos \u00faltimos anos, a gest\u00e3o do governador Carlos Brand\u00e3o tem se destacado pelo fortalecimento da nossa cultura, com grandes atra\u00e7\u00f5es e festas que s\u00e3o sucesso de p\u00fablico. Com o Festival Ilha do Reggae n\u00e3o ser\u00e1 diferente, com impacto cultural muito positivo para o Maranh\u00e3o\u201d, finalizou.<\/p>\n<p>&nbsp;<\/p>\n<p>O an\u00fancio do festival tamb\u00e9m refor\u00e7a o compromisso assumido em agosto de 2024, durante a visita oficial do ministro do Turismo da Jamaica, Edmund Bartlett, a S\u00e3o Lu\u00eds, ocasi\u00e3o em que foi assinado um memorando de entendimento entre Brasil e Jamaica, com foco no turismo sustent\u00e1vel e no fortalecimento do interc\u00e2mbio cultural entre as duas na\u00e7\u00f5es. A visita contou ainda com a presen\u00e7a do ministro do Turismo do Brasil, Celso Sabino, e marcou um novo cap\u00edtulo nas rela\u00e7\u00f5es culturais e tur\u00edsticas entre os pa\u00edses.<\/p>\n<p>&nbsp;<\/p>\n<p>Na ocasi\u00e3o, as autoridades brasileiras e jamaicanas estiveram no Museu do Reggae, na Rua da Estrela, onde um grande acervo remonta a hist\u00f3ria da chegada do ritmo no estado, homenageando os grandes DJs da cen\u00e1rio regueiro e os principais espa\u00e7os que popularizaram o estilo no Maranh\u00e3o.<\/p>\n<p>&nbsp;<\/p>\n<p>Com uma programa\u00e7\u00e3o que une diferentes gera\u00e7\u00f5es e estilos, o Festival Ilha do Reggae promete dois dias de muita m\u00fasica, dan\u00e7a, cultura e integra\u00e7\u00e3o, reafirmando S\u00e3o Lu\u00eds como a capital brasileira do reggae e ponto de encontro entre o Maranh\u00e3o e o mundo.<\/p>\n<p>&nbsp;<\/p>\n<p>Atra\u00e7\u00f5es confirmadas:<\/p>\n<p>&nbsp;<\/p>\n<p>Dezarie, Israel Vibration, Ponto de Equil\u00edbrio, Planta e Raiz, Burning Spear, Ky-Mani Marley, Edson Gomes, Maneva, Tribo de Jah, C\u00e9lia Sampaio, N\u00fabia, Radiola Estrela do Som e Radiola Itamaraty, Orquestra Maranhense de Reggae, George Gomes, Banda Guetos, Emanuelle Paz, Filhos de Jah, Raiz Tribal, Barba Branca, Capital Roots, Ronnie Green, Honey Boy, Sly Foxx e Norris Cole.<\/p>\n","protected":false},"excerpt":{"rendered":"<p>&nbsp; &nbsp; O governador Carlos Brand\u00e3o anunciou a realiza\u00e7\u00e3o do Festival Ilha do Reggae, nos dias 22 e 23 de novembro, na Arena Jamaica Brasileira (Passarela do Samba \u2013 Anel Vi\u00e1rio), em S\u00e3o Lu\u00eds. O evento, que ser\u00e1 aberto ao p\u00fablico, promete ser um dos maiores encontros de cultura e m\u00fasica do pa\u00eds, celebrando a [&hellip;]<\/p>\n","protected":false},"author":1,"featured_media":0,"comment_status":"open","ping_status":"open","sticky":false,"template":"","format":"standard","meta":{"footnotes":""},"categories":[1],"tags":[],"yst_prominent_words":[],"class_list":["post-2731","post","type-post","status-publish","format-standard","hentry","category-noticia-geral"],"_links":{"self":[{"href":"https:\/\/blogomorangodonordeste.com.br\/index.php\/wp-json\/wp\/v2\/posts\/2731","targetHints":{"allow":["GET"]}}],"collection":[{"href":"https:\/\/blogomorangodonordeste.com.br\/index.php\/wp-json\/wp\/v2\/posts"}],"about":[{"href":"https:\/\/blogomorangodonordeste.com.br\/index.php\/wp-json\/wp\/v2\/types\/post"}],"author":[{"embeddable":true,"href":"https:\/\/blogomorangodonordeste.com.br\/index.php\/wp-json\/wp\/v2\/users\/1"}],"replies":[{"embeddable":true,"href":"https:\/\/blogomorangodonordeste.com.br\/index.php\/wp-json\/wp\/v2\/comments?post=2731"}],"version-history":[{"count":1,"href":"https:\/\/blogomorangodonordeste.com.br\/index.php\/wp-json\/wp\/v2\/posts\/2731\/revisions"}],"predecessor-version":[{"id":2734,"href":"https:\/\/blogomorangodonordeste.com.br\/index.php\/wp-json\/wp\/v2\/posts\/2731\/revisions\/2734"}],"wp:attachment":[{"href":"https:\/\/blogomorangodonordeste.com.br\/index.php\/wp-json\/wp\/v2\/media?parent=2731"}],"wp:term":[{"taxonomy":"category","embeddable":true,"href":"https:\/\/blogomorangodonordeste.com.br\/index.php\/wp-json\/wp\/v2\/categories?post=2731"},{"taxonomy":"post_tag","embeddable":true,"href":"https:\/\/blogomorangodonordeste.com.br\/index.php\/wp-json\/wp\/v2\/tags?post=2731"},{"taxonomy":"yst_prominent_words","embeddable":true,"href":"https:\/\/blogomorangodonordeste.com.br\/index.php\/wp-json\/wp\/v2\/yst_prominent_words?post=2731"}],"curies":[{"name":"wp","href":"https:\/\/api.w.org\/{rel}","templated":true}]}}