{"id":2711,"date":"2025-10-17T10:20:07","date_gmt":"2025-10-17T13:20:07","guid":{"rendered":"https:\/\/blogomorangodonordeste.com.br\/?p=2711"},"modified":"2025-10-17T10:20:07","modified_gmt":"2025-10-17T13:20:07","slug":"jovem-e-indiciado-por-matar-amigo-a-facadas-apos-confusao-em-acailandia","status":"publish","type":"post","link":"https:\/\/blogomorangodonordeste.com.br\/index.php\/2025\/10\/17\/jovem-e-indiciado-por-matar-amigo-a-facadas-apos-confusao-em-acailandia\/","title":{"rendered":"Jovem \u00e9 indiciado por matar amigo a facadas ap\u00f3s confus\u00e3o em A\u00e7ail\u00e2ndia"},"content":{"rendered":"<p><img loading=\"lazy\" decoding=\"async\" class=\"alignnone size-full wp-image-2712\" src=\"https:\/\/blogomorangodonordeste.com.br\/wp-content\/uploads\/2025\/10\/IMG-20251017-WA0055.jpg\" alt=\"\" width=\"434\" height=\"270\" srcset=\"https:\/\/blogomorangodonordeste.com.br\/wp-content\/uploads\/2025\/10\/IMG-20251017-WA0055.jpg 434w, https:\/\/blogomorangodonordeste.com.br\/wp-content\/uploads\/2025\/10\/IMG-20251017-WA0055-300x187.jpg 300w\" sizes=\"auto, (max-width: 434px) 100vw, 434px\" \/><\/p>\n<p>&nbsp;<\/p>\n<p>A Pol\u00edcia Civil do Maranh\u00e3o (PC-MA) indiciou um jovem de 18 anos pelo assassinato de Valdemar Ferreira Mota Neto, ocorrido na madrugada do \u00faltimo domingo (12), no bairro Pequi\u00e1, em A\u00e7ail\u00e2ndia, ap\u00f3s uma discuss\u00e3o entre amigos.<\/p>\n<p>&nbsp;<\/p>\n<p>Segundo a Delegacia de Homic\u00eddios e Prote\u00e7\u00e3o \u00e0 Pessoa (DHPP), o suspeito e a v\u00edtima, que eram amigos, passaram o s\u00e1bado ingerindo bebidas alco\u00f3licas. J\u00e1 durante a madrugada, foram juntos \u00e0 casa de amigas, acompanhados de um terceiro rapaz. No local, Valdemar teria se exaltado e agredido a ex-namorada, ap\u00f3s ela recusar reatar o relacionamento.<\/p>\n<p>&nbsp;<\/p>\n<p>Testemunhas tentaram intervir, mas n\u00e3o conseguiram conter Valdemar. Durante a confus\u00e3o, o suspeito tamb\u00e9m foi agredido e teve o celular tomado pela v\u00edtima. Em meio \u00e0 tens\u00e3o, ele foi at\u00e9 a cozinha, pegou uma faca e permaneceu com o objeto.<\/p>\n<p>&nbsp;<\/p>\n<p>De acordo com as investiga\u00e7\u00f5es, o jovem desferiu um golpe de faca no abd\u00f4men de Valdemar ap\u00f3s ser novamente atacado. A v\u00edtima n\u00e3o resistiu aos ferimentos e morreu no local. O autor ainda tentou prestar socorro, mas fugiu em seguida.<\/p>\n<p>&nbsp;<\/p>\n<p>As primeiras dilig\u00eancias foram conduzidas pelo Plant\u00e3o Central da Delegacia Regional de A\u00e7ail\u00e2ndia, que colheu depoimentos e recolheu provas. A faca utilizada no crime foi apreendida, e exames foram solicitados ao Instituto de Criminal\u00edstica (Icrim) e ao Instituto M\u00e9dico Legal (IML).<\/p>\n<p>&nbsp;<\/p>\n<p>Com a conclus\u00e3o do inqu\u00e9rito, o jovem foi indiciado por homic\u00eddio, e o caso foi encaminhado ao Poder Judici\u00e1rio e ao Minist\u00e9rio P\u00fablico, que dar\u00e3o prosseguimento \u00e0s medidas legais cab\u00edveis.<\/p>\n","protected":false},"excerpt":{"rendered":"<p>&nbsp; A Pol\u00edcia Civil do Maranh\u00e3o (PC-MA) indiciou um jovem de 18 anos pelo assassinato de Valdemar Ferreira Mota Neto, ocorrido na madrugada do \u00faltimo domingo (12), no bairro Pequi\u00e1, em A\u00e7ail\u00e2ndia, ap\u00f3s uma discuss\u00e3o entre amigos. &nbsp; Segundo a Delegacia de Homic\u00eddios e Prote\u00e7\u00e3o \u00e0 Pessoa (DHPP), o suspeito e a v\u00edtima, que eram [&hellip;]<\/p>\n","protected":false},"author":1,"featured_media":0,"comment_status":"open","ping_status":"open","sticky":false,"template":"","format":"standard","meta":{"footnotes":""},"categories":[1],"tags":[],"yst_prominent_words":[],"class_list":["post-2711","post","type-post","status-publish","format-standard","hentry","category-noticia-geral"],"_links":{"self":[{"href":"https:\/\/blogomorangodonordeste.com.br\/index.php\/wp-json\/wp\/v2\/posts\/2711","targetHints":{"allow":["GET"]}}],"collection":[{"href":"https:\/\/blogomorangodonordeste.com.br\/index.php\/wp-json\/wp\/v2\/posts"}],"about":[{"href":"https:\/\/blogomorangodonordeste.com.br\/index.php\/wp-json\/wp\/v2\/types\/post"}],"author":[{"embeddable":true,"href":"https:\/\/blogomorangodonordeste.com.br\/index.php\/wp-json\/wp\/v2\/users\/1"}],"replies":[{"embeddable":true,"href":"https:\/\/blogomorangodonordeste.com.br\/index.php\/wp-json\/wp\/v2\/comments?post=2711"}],"version-history":[{"count":1,"href":"https:\/\/blogomorangodonordeste.com.br\/index.php\/wp-json\/wp\/v2\/posts\/2711\/revisions"}],"predecessor-version":[{"id":2713,"href":"https:\/\/blogomorangodonordeste.com.br\/index.php\/wp-json\/wp\/v2\/posts\/2711\/revisions\/2713"}],"wp:attachment":[{"href":"https:\/\/blogomorangodonordeste.com.br\/index.php\/wp-json\/wp\/v2\/media?parent=2711"}],"wp:term":[{"taxonomy":"category","embeddable":true,"href":"https:\/\/blogomorangodonordeste.com.br\/index.php\/wp-json\/wp\/v2\/categories?post=2711"},{"taxonomy":"post_tag","embeddable":true,"href":"https:\/\/blogomorangodonordeste.com.br\/index.php\/wp-json\/wp\/v2\/tags?post=2711"},{"taxonomy":"yst_prominent_words","embeddable":true,"href":"https:\/\/blogomorangodonordeste.com.br\/index.php\/wp-json\/wp\/v2\/yst_prominent_words?post=2711"}],"curies":[{"name":"wp","href":"https:\/\/api.w.org\/{rel}","templated":true}]}}