{"id":2435,"date":"2025-09-11T21:58:35","date_gmt":"2025-09-12T00:58:35","guid":{"rendered":"https:\/\/blogomorangodonordeste.com.br\/?p=2435"},"modified":"2025-09-12T11:25:02","modified_gmt":"2025-09-12T14:25:02","slug":"pai-e-preso-suspeito-de-abusar-do-filho-desde-a-infancia-durante-sete-anos","status":"publish","type":"post","link":"https:\/\/blogomorangodonordeste.com.br\/index.php\/2025\/09\/11\/pai-e-preso-suspeito-de-abusar-do-filho-desde-a-infancia-durante-sete-anos\/","title":{"rendered":"Pai \u00e9 preso suspeito de abusar do filho desde a inf\u00e2ncia, durante sete anos"},"content":{"rendered":"<p><img loading=\"lazy\" decoding=\"async\" class=\"size-full wp-image-2436 alignleft\" src=\"https:\/\/blogomorangodonordeste.com.br\/wp-content\/uploads\/2025\/09\/IMG-20250911-WA0120.jpg\" alt=\"\" width=\"300\" height=\"200\" srcset=\"https:\/\/blogomorangodonordeste.com.br\/wp-content\/uploads\/2025\/09\/IMG-20250911-WA0120.jpg 300w, https:\/\/blogomorangodonordeste.com.br\/wp-content\/uploads\/2025\/09\/IMG-20250911-WA0120-150x100.jpg 150w\" sizes=\"auto, (max-width: 300px) 100vw, 300px\" \/><\/p>\n<p>&nbsp;<\/p>\n<p>&nbsp;<\/p>\n<p>Um caso de abuso sexual contra crian\u00e7a e adolescente foi registrado no Plant\u00e3o Central de Imperatriz na tarde dessa quarta-feira (10). O suspeito foi denunciado pelo Conselho Tutelar, ap\u00f3s o adolescente, de 14 anos, relatar os abusos que vinha sofrendo do pai desde os sete anos de idade.<\/p>\n<p>&nbsp;<\/p>\n<p>O crime aconteceu em Ribamar Fiquene, distante 60 km de Imperatriz. Segundo o garoto, a \u00faltima vez aconteceu o abuso foi na madrugada dessa quarta.<\/p>\n<p>&nbsp;<\/p>\n<p>O menino relatou tamb\u00e9m que ele e outros dois irm\u00e3os menores vivem sob constantes agress\u00f5es e amea\u00e7as. As crian\u00e7as n\u00e3o convivem com a m\u00e3e que, segundo o suspeito, teria abandonado os filhos.<\/p>\n<p>&nbsp;<\/p>\n<p>A Pol\u00edcia Militar fez a pris\u00e3o em flagrante, e o suspeito est\u00e1 \u00e0 disposi\u00e7\u00e3o da Justi\u00e7a. O adolescente deve passar por exame de corpo de delito.<\/p>\n","protected":false},"excerpt":{"rendered":"<p>&nbsp; &nbsp; Um caso de abuso sexual contra crian\u00e7a e adolescente foi registrado no Plant\u00e3o Central de Imperatriz na tarde dessa quarta-feira (10). O suspeito foi denunciado pelo Conselho Tutelar, ap\u00f3s o adolescente, de 14 anos, relatar os abusos que vinha sofrendo do pai desde os sete anos de idade. &nbsp; O crime aconteceu em [&hellip;]<\/p>\n","protected":false},"author":1,"featured_media":0,"comment_status":"open","ping_status":"open","sticky":false,"template":"","format":"standard","meta":{"footnotes":""},"categories":[1],"tags":[],"yst_prominent_words":[],"class_list":["post-2435","post","type-post","status-publish","format-standard","hentry","category-noticia-geral"],"_links":{"self":[{"href":"https:\/\/blogomorangodonordeste.com.br\/index.php\/wp-json\/wp\/v2\/posts\/2435","targetHints":{"allow":["GET"]}}],"collection":[{"href":"https:\/\/blogomorangodonordeste.com.br\/index.php\/wp-json\/wp\/v2\/posts"}],"about":[{"href":"https:\/\/blogomorangodonordeste.com.br\/index.php\/wp-json\/wp\/v2\/types\/post"}],"author":[{"embeddable":true,"href":"https:\/\/blogomorangodonordeste.com.br\/index.php\/wp-json\/wp\/v2\/users\/1"}],"replies":[{"embeddable":true,"href":"https:\/\/blogomorangodonordeste.com.br\/index.php\/wp-json\/wp\/v2\/comments?post=2435"}],"version-history":[{"count":2,"href":"https:\/\/blogomorangodonordeste.com.br\/index.php\/wp-json\/wp\/v2\/posts\/2435\/revisions"}],"predecessor-version":[{"id":2448,"href":"https:\/\/blogomorangodonordeste.com.br\/index.php\/wp-json\/wp\/v2\/posts\/2435\/revisions\/2448"}],"wp:attachment":[{"href":"https:\/\/blogomorangodonordeste.com.br\/index.php\/wp-json\/wp\/v2\/media?parent=2435"}],"wp:term":[{"taxonomy":"category","embeddable":true,"href":"https:\/\/blogomorangodonordeste.com.br\/index.php\/wp-json\/wp\/v2\/categories?post=2435"},{"taxonomy":"post_tag","embeddable":true,"href":"https:\/\/blogomorangodonordeste.com.br\/index.php\/wp-json\/wp\/v2\/tags?post=2435"},{"taxonomy":"yst_prominent_words","embeddable":true,"href":"https:\/\/blogomorangodonordeste.com.br\/index.php\/wp-json\/wp\/v2\/yst_prominent_words?post=2435"}],"curies":[{"name":"wp","href":"https:\/\/api.w.org\/{rel}","templated":true}]}}