{"id":2432,"date":"2025-09-10T15:48:44","date_gmt":"2025-09-10T18:48:44","guid":{"rendered":"https:\/\/blogomorangodonordeste.com.br\/?p=2432"},"modified":"2025-09-10T15:48:44","modified_gmt":"2025-09-10T18:48:44","slug":"duplo-homicidio-no-retiro-natal-em-sao-luis-deixa-dois-mortos-e-um-ferido","status":"publish","type":"post","link":"https:\/\/blogomorangodonordeste.com.br\/index.php\/2025\/09\/10\/duplo-homicidio-no-retiro-natal-em-sao-luis-deixa-dois-mortos-e-um-ferido\/","title":{"rendered":"Duplo homic\u00eddio no Retiro Natal, em S\u00e3o Lu\u00eds, deixa dois mortos e um ferido"},"content":{"rendered":"<p><img loading=\"lazy\" decoding=\"async\" class=\"alignnone size-full wp-image-2433\" src=\"https:\/\/blogomorangodonordeste.com.br\/wp-content\/uploads\/2025\/09\/IMG-20250909-WA00871.jpg\" alt=\"\" width=\"690\" height=\"444\" srcset=\"https:\/\/blogomorangodonordeste.com.br\/wp-content\/uploads\/2025\/09\/IMG-20250909-WA00871.jpg 690w, https:\/\/blogomorangodonordeste.com.br\/wp-content\/uploads\/2025\/09\/IMG-20250909-WA00871-300x193.jpg 300w\" sizes=\"auto, (max-width: 690px) 100vw, 690px\" \/><\/p>\n<p>&nbsp;<\/p>\n<p>A noite dessa segunda-feira (8) foi marcada por viol\u00eancia no bairro Retiro Natal, em S\u00e3o Lu\u00eds, onde duas pessoas foram assassinadas e uma ficou ferida. A Pol\u00edcia Civil investiga a poss\u00edvel liga\u00e7\u00e3o dos crimes com fac\u00e7\u00f5es criminosas que atuam na regi\u00e3o.<\/p>\n<p>&nbsp;<\/p>\n<p>O primeiro ataque ocorreu por volta das 20h, na Rua Epit\u00e1cio Cafeteira. Criminosos armados, que chegaram em um carro verde, abriram fogo contra um com\u00e9rcio onde clientes consumiam bebidas. Manoel de Jesus Madeira Abreu, de 51 anos, foi atingido e morreu no local. Outra v\u00edtima foi baleada no bra\u00e7o e socorrida para o Socorr\u00e3o I.<\/p>\n<p>&nbsp;<\/p>\n<p>Poucas horas depois, na Segunda Travessa Graciliano Ramos, ainda no mesmo bairro, policiais encontraram o corpo de Jimmy Rafael de Sousa Moraes, de 43 anos, ca\u00eddo ao lado de uma motocicleta. Ele tamb\u00e9m foi morto a tiros.<\/p>\n<p>&nbsp;<\/p>\n<p>A pol\u00edcia realiza dilig\u00eancias para identificar e prender os autores dos homic\u00eddios.<\/p>\n","protected":false},"excerpt":{"rendered":"<p>&nbsp; A noite dessa segunda-feira (8) foi marcada por viol\u00eancia no bairro Retiro Natal, em S\u00e3o Lu\u00eds, onde duas pessoas foram assassinadas e uma ficou ferida. A Pol\u00edcia Civil investiga a poss\u00edvel liga\u00e7\u00e3o dos crimes com fac\u00e7\u00f5es criminosas que atuam na regi\u00e3o. &nbsp; O primeiro ataque ocorreu por volta das 20h, na Rua Epit\u00e1cio Cafeteira. [&hellip;]<\/p>\n","protected":false},"author":1,"featured_media":0,"comment_status":"open","ping_status":"open","sticky":false,"template":"","format":"standard","meta":{"footnotes":""},"categories":[1],"tags":[],"yst_prominent_words":[],"class_list":["post-2432","post","type-post","status-publish","format-standard","hentry","category-noticia-geral"],"_links":{"self":[{"href":"https:\/\/blogomorangodonordeste.com.br\/index.php\/wp-json\/wp\/v2\/posts\/2432","targetHints":{"allow":["GET"]}}],"collection":[{"href":"https:\/\/blogomorangodonordeste.com.br\/index.php\/wp-json\/wp\/v2\/posts"}],"about":[{"href":"https:\/\/blogomorangodonordeste.com.br\/index.php\/wp-json\/wp\/v2\/types\/post"}],"author":[{"embeddable":true,"href":"https:\/\/blogomorangodonordeste.com.br\/index.php\/wp-json\/wp\/v2\/users\/1"}],"replies":[{"embeddable":true,"href":"https:\/\/blogomorangodonordeste.com.br\/index.php\/wp-json\/wp\/v2\/comments?post=2432"}],"version-history":[{"count":1,"href":"https:\/\/blogomorangodonordeste.com.br\/index.php\/wp-json\/wp\/v2\/posts\/2432\/revisions"}],"predecessor-version":[{"id":2434,"href":"https:\/\/blogomorangodonordeste.com.br\/index.php\/wp-json\/wp\/v2\/posts\/2432\/revisions\/2434"}],"wp:attachment":[{"href":"https:\/\/blogomorangodonordeste.com.br\/index.php\/wp-json\/wp\/v2\/media?parent=2432"}],"wp:term":[{"taxonomy":"category","embeddable":true,"href":"https:\/\/blogomorangodonordeste.com.br\/index.php\/wp-json\/wp\/v2\/categories?post=2432"},{"taxonomy":"post_tag","embeddable":true,"href":"https:\/\/blogomorangodonordeste.com.br\/index.php\/wp-json\/wp\/v2\/tags?post=2432"},{"taxonomy":"yst_prominent_words","embeddable":true,"href":"https:\/\/blogomorangodonordeste.com.br\/index.php\/wp-json\/wp\/v2\/yst_prominent_words?post=2432"}],"curies":[{"name":"wp","href":"https:\/\/api.w.org\/{rel}","templated":true}]}}